{"id":2786,"date":"2022-04-20T13:45:01","date_gmt":"2022-04-20T11:45:01","guid":{"rendered":"https:\/\/librairietraitdunion.fr\/?p=2786"},"modified":"2022-05-11T08:30:13","modified_gmt":"2022-05-11T06:30:13","slug":"les-infos-du-printemps-%f0%9f%8c%b7","status":"publish","type":"post","link":"https:\/\/librairietraitdunion.fr\/les-infos-du-printemps-%f0%9f%8c%b7\/","title":{"rendered":"Les infos du printemps \ud83c\udf37"},"content":{"rendered":"<p>[et_pb_section fb_built=\u00a0\u00bb1&Prime; _builder_version=\u00a0\u00bb4.16&Prime; global_colors_info=\u00a0\u00bb{}\u00a0\u00bb][et_pb_row _builder_version=\u00a0\u00bb4.16&Prime; background_size=\u00a0\u00bbinitial\u00a0\u00bb background_position=\u00a0\u00bbtop_left\u00a0\u00bb background_repeat=\u00a0\u00bbrepeat\u00a0\u00bb global_colors_info=\u00a0\u00bb{}\u00a0\u00bb][et_pb_column type=\u00a0\u00bb4_4&Prime; _builder_version=\u00a0\u00bb4.16&Prime; custom_padding=\u00a0\u00bb|||\u00a0\u00bb global_colors_info=\u00a0\u00bb{}\u00a0\u00bb custom_padding__hover=\u00a0\u00bb|||\u00a0\u00bb][et_pb_text admin_label=\u00a0\u00bbTexte\u00a0\u00bb _builder_version=\u00a0\u00bb4.17.0&Prime; z_index_tablet=\u00a0\u00bb500&Prime; text_text_shadow_horizontal_length_tablet=\u00a0\u00bb0px\u00a0\u00bb text_text_shadow_vertical_length_tablet=\u00a0\u00bb0px\u00a0\u00bb text_text_shadow_blur_strength_tablet=\u00a0\u00bb1px\u00a0\u00bb link_text_shadow_horizontal_length_tablet=\u00a0\u00bb0px\u00a0\u00bb link_text_shadow_vertical_length_tablet=\u00a0\u00bb0px\u00a0\u00bb link_text_shadow_blur_strength_tablet=\u00a0\u00bb1px\u00a0\u00bb ul_text_shadow_horizontal_length_tablet=\u00a0\u00bb0px\u00a0\u00bb ul_text_shadow_vertical_length_tablet=\u00a0\u00bb0px\u00a0\u00bb ul_text_shadow_blur_strength_tablet=\u00a0\u00bb1px\u00a0\u00bb ol_text_shadow_horizontal_length_tablet=\u00a0\u00bb0px\u00a0\u00bb ol_text_shadow_vertical_length_tablet=\u00a0\u00bb0px\u00a0\u00bb ol_text_shadow_blur_strength_tablet=\u00a0\u00bb1px\u00a0\u00bb quote_text_shadow_horizontal_length_tablet=\u00a0\u00bb0px\u00a0\u00bb quote_text_shadow_vertical_length_tablet=\u00a0\u00bb0px\u00a0\u00bb quote_text_shadow_blur_strength_tablet=\u00a0\u00bb1px\u00a0\u00bb header_text_shadow_horizontal_length_tablet=\u00a0\u00bb0px\u00a0\u00bb header_text_shadow_vertical_length_tablet=\u00a0\u00bb0px\u00a0\u00bb header_text_shadow_blur_strength_tablet=\u00a0\u00bb1px\u00a0\u00bb header_2_text_shadow_horizontal_length_tablet=\u00a0\u00bb0px\u00a0\u00bb header_2_text_shadow_vertical_length_tablet=\u00a0\u00bb0px\u00a0\u00bb header_2_text_shadow_blur_strength_tablet=\u00a0\u00bb1px\u00a0\u00bb header_3_text_shadow_horizontal_length_tablet=\u00a0\u00bb0px\u00a0\u00bb header_3_text_shadow_vertical_length_tablet=\u00a0\u00bb0px\u00a0\u00bb header_3_text_shadow_blur_strength_tablet=\u00a0\u00bb1px\u00a0\u00bb header_4_text_shadow_horizontal_length_tablet=\u00a0\u00bb0px\u00a0\u00bb header_4_text_shadow_vertical_length_tablet=\u00a0\u00bb0px\u00a0\u00bb header_4_text_shadow_blur_strength_tablet=\u00a0\u00bb1px\u00a0\u00bb header_5_text_shadow_horizontal_length_tablet=\u00a0\u00bb0px\u00a0\u00bb header_5_text_shadow_vertical_length_tablet=\u00a0\u00bb0px\u00a0\u00bb header_5_text_shadow_blur_strength_tablet=\u00a0\u00bb1px\u00a0\u00bb header_6_text_shadow_horizontal_length_tablet=\u00a0\u00bb0px\u00a0\u00bb header_6_text_shadow_vertical_length_tablet=\u00a0\u00bb0px\u00a0\u00bb header_6_text_shadow_blur_strength_tablet=\u00a0\u00bb1px\u00a0\u00bb box_shadow_horizontal_tablet=\u00a0\u00bb0px\u00a0\u00bb box_shadow_vertical_tablet=\u00a0\u00bb0px\u00a0\u00bb box_shadow_blur_tablet=\u00a0\u00bb40px\u00a0\u00bb box_shadow_spread_tablet=\u00a0\u00bb0px\u00a0\u00bb global_colors_info=\u00a0\u00bb{}\u00a0\u00bb]<\/p>\n<p>Chers vous, \ud83c\udf37<\/p>\n<p>C&rsquo;est le printemps, un dr\u00f4le de printemps mais le printemps quand m\u00eame. C&rsquo;est vrai qu&rsquo;il est difficile de ne pas tout trouver futile, dans nos petites vies et nos petites boutiques, au regard du drame qui se d\u00e9roule \u00e0 nos portes (et dans beaucoup d&rsquo;autres endroits du monde d&rsquo;ailleurs)&#8230; On essaye donc, chacun \u00e0 notre niveau, de respecter le malheur des uns tout en continuant \u00e0 apporter un peu de bonheur aux autres. Difficile num\u00e9ro d&rsquo;\u00e9quilibriste !<\/p>\n<p>Voici donc les nouvelles de la librairie pour les vacances de P\u00e2ques :<\/p>\n<p><strong>\ud83c\udf37 Horaires d&rsquo;ouverture :<\/strong><\/p>\n<p>Comme d&rsquo;habitude : du mardi au samedi de 10h \u00e0 13h et de 15h \u00e0 19h \/ le dimanche de 10h \u00e0 13h. Nous restons ferm\u00e9s le lundi pour l&rsquo;instant, n&rsquo;ayant pas encore vraiment r\u00e9gl\u00e9 nos probl\u00e8mes d&rsquo;effectif (probl\u00e8me assez courant sur l&rsquo;\u00eele !)<\/p>\n<p>\ud83d\udcda <strong>Animations \u00e0 la lib :<\/strong><\/p>\n<div class=\"\">&#8211;\u00a0<b class=\"\">Vendredi 22 avril \u00e0 22h30<\/b>\u00a0\u00e0 l\u2019Espace Hubert Poignant : Conf\u00e9rence et d\u00e9dicace sur le Biomim\u00e9tisme, avec Emmanuel Delannoy, dans le cadre du Festival des Sciences de Noirmoutier :\u00a0<a class=\"\" href=\"https:\/\/www.lessciencesetnous.org\/wp-content\/uploads\/2022\/03\/brochureA5-32p.pdf\">https:\/\/www.lessciencesetnous.org\/wp-content\/uploads\/2022\/03\/brochureA5-32p.pdf<\/a><\/div>\n<div class=\"\">\u00a0<\/div>\n<div class=\"\">&#8211;\u00a0<b class=\"\">Samedi 23 avril \u00e0 17h00<\/b>\u00a0:\u00a0<b class=\"\">ouverture du \u00ab\u00a0bal des rencontres\u00a0\u00bb de la saison 2022 !<\/b><\/div>\n<div class=\"\">Nous recevons<b class=\"\">\u00a0Fr\u00e9d\u00e9ric Amiel<\/b>, sociologue, anthropologue et coordinateur g\u00e9n\u00e9ral de l\u2019association \u00ab\u00a0Les amis de la terre\u00a0\u00bb. S\u2019appuyant sur son ouvrage au titre et au contenu in\u00e9dits :\u00a0<b class=\"\">\u00ab\u00a0Petite histoire de la mondialisation \u00e0 l\u2019usage des amateurs de chocolat\u00a0\u00bb (Editions de l\u2019Atelier)<\/b>, Fr\u00e9d\u00e9ric nous apportera un \u00e9clairage pr\u00e9cieux sur la grande Histoire de l\u2019\u00e9conomie mondiale, par le truchement (j\u2019adore ce mot !) de l\u2019histoire du cacao\u2026Et comme c\u2019est P\u00e2ques et que nous adorons tous le chocolat, une petite\u00a0<b class=\"\">d\u00e9gustation des Chocolats Fran\u00e7ois Pralus<\/b>\u00a0(qui viennent du monde entier) vous sera propos\u00e9e gr\u00e2ce \u00e0 Val\u00e9rie, caviste de La R\u00e9serve. Slurp, soyez tous l\u00e0 !<\/div>\n<div>Flyer rencontre :\u00a0<a href=\"https:\/\/librairietraitdunion.fr\/storage\/2022\/03\/23-avril-Fre\u0301de\u0301ric-Amiel.pdf\" rel=\"attachment wp-att-2789\">23 avril Fre\u0301de\u0301ric Amiel<\/a><\/div>\n<div class=\"\">\u00a0<\/div>\n<div class=\"\">&#8211;\u00a0<b class=\"\">Lundi 25 avril \u00e0 17h30<\/b>\u00a0\u00e0 l\u2019Espace Hubert Poignant : Conf\u00e9rence et d\u00e9dicace avec Emmanuelle Joseph-Dailly : \u00ab\u00a0La strat\u00e9gie du poulpe\u00a0\u00bb (\u00e9ditions Eyrolles), dans le cadre du Festival des Sciences de Noirmoutier<\/div>\n<div class=\"\">\u00a0<\/div>\n<div class=\"\">\u2013\u00a0<b class=\"\">tous les mercredis \u00e0 15h<\/b>, go\u00fbter-contes \u00e0 la librairie \u00a0pour les 4-8 ans (sur r\u00e9servation \u2013 participation 5\u20ac )<\/div>\n<div class=\"\">\u00a0<\/div>\n<div class=\"\">&#8211;\u00a0<b class=\"\">Samedi 30 avril, Espace Hubert Poignant :\u00a0vide-grenier organis\u00e9 par et pour l\u2019Association Sadiki<\/b>. Le rapport avec la librairie ? Eh bien ! Y\u2019en a pas vraiment, sauf qu\u2019on appartient au CA de l\u2019association (qui s\u2019occupe tout particuli\u00e8rement d\u2019un jeune migrant). D\u2019ailleurs, on organisera aussi la F\u00eate de la musique avec Sadiki : bloquez d\u00e9j\u00e0 votre\u00a0<b class=\"\">mardi 21 juin\u00a0<\/b>pour notre \u00ab\u00a0Ap\u00e9ro-chorale\u00a0\u00bb !<\/div>\n<div class=\"\">\u00a0<\/div>\n<div class=\"\">Et voil\u00e0 dans l\u2019imm\u00e9diat. Sinon l\u2019\u00e9t\u00e9 s\u2019annonce torride \u00e0 la librairie : des rencontres, tous les jeudis \u00e0 18h, comme un \u00ab\u00a0Et\u00e9 dans le monde\u00a0\u00bb ! Programme \u00e0 venir tr\u00e8s bient\u00f4t.<\/div>\n<p>Vous pouvez retrouver toutes ces infos dans notre Newsletter du moment (cf onglet d\u00e9di\u00e9). Pensez \u00e0 nous laisser votre adresse mail pour la recevoir automatiquement (rubrique Contact). Et venez vite d\u00e9couvrir nos coups de coeur \u00e0 la librairie, car la litt\u00e9rature, comme la solidarit\u00e9,\u00a0 r\u00e9chauffe le coeur en ce moment&#8230;<\/p>\n<p>B\u00e9n\u00e9dicte &amp; Vincent \ud83d\udcda<\/p>\n<p>&nbsp;<\/p>\n<p>&nbsp;<\/p>\n<p>&nbsp;<\/p>\n<p>&nbsp;<\/p>\n<p>[\/et_pb_text][\/et_pb_column][\/et_pb_row][\/et_pb_section]<\/p>\n","protected":false},"excerpt":{"rendered":"<p>Chers vous, \ud83c\udf37 C&rsquo;est le printemps, un dr\u00f4le de printemps mais le printemps quand m\u00eame. C&rsquo;est vrai qu&rsquo;il est difficile de ne pas tout trouver futile, dans nos petites vies et nos petites boutiques, au regard du drame qui se d\u00e9roule \u00e0 nos portes (et dans beaucoup d&rsquo;autres endroits du monde d&rsquo;ailleurs)&#8230; On essaye donc, [&hellip;]<\/p>\n","protected":false},"author":2,"featured_media":0,"comment_status":"closed","ping_status":"open","sticky":false,"template":"","format":"standard","meta":{"_et_pb_use_builder":"on","_et_pb_old_content":"<p>Bienvenue sur WordPress. Ceci est votre premier article. Modifiez-le ou supprimez-le, puis lancez-vous\u00a0!<\/p>","_et_gb_content_width":"","footnotes":""},"categories":[4],"tags":[],"class_list":["post-2786","post","type-post","status-publish","format-standard","hentry","category-souvenirs"],"yoast_head":"<!-- This site is optimized with the Yoast SEO plugin v25.7 - https:\/\/yoast.com\/wordpress\/plugins\/seo\/ -->\n<title>Les infos du printemps \ud83c\udf37 - Librairie Trait d&#039;Union | Noirmoutier<\/title>\n<meta name=\"robots\" content=\"index, follow, max-snippet:-1, max-image-preview:large, max-video-preview:-1\" \/>\n<link rel=\"canonical\" href=\"https:\/\/librairietraitdunion.fr\/les-infos-du-printemps-\ud83c\udf37\/\" \/>\n<meta property=\"og:locale\" content=\"fr_FR\" \/>\n<meta property=\"og:type\" content=\"article\" \/>\n<meta property=\"og:title\" content=\"Les infos du printemps \ud83c\udf37 - Librairie Trait d&#039;Union | Noirmoutier\" \/>\n<meta property=\"og:description\" content=\"Chers vous, \ud83c\udf37 C&#039;est le printemps, un dr\u00f4le de printemps mais le printemps quand m\u00eame. C&#039;est vrai qu&#039;il est difficile de ne pas tout trouver futile, dans nos petites vies et nos petites boutiques, au regard du drame qui se d\u00e9roule \u00e0 nos portes (et dans beaucoup d&#039;autres endroits du monde d&#039;ailleurs)... On essaye donc, [&hellip;]\" \/>\n<meta property=\"og:url\" content=\"https:\/\/librairietraitdunion.fr\/les-infos-du-printemps-\ud83c\udf37\/\" \/>\n<meta property=\"og:site_name\" content=\"Librairie Trait d&#039;Union | Noirmoutier\" \/>\n<meta property=\"article:published_time\" content=\"2022-04-20T11:45:01+00:00\" \/>\n<meta property=\"article:modified_time\" content=\"2022-05-11T06:30:13+00:00\" \/>\n<meta name=\"author\" content=\"librairietraitdunion\" \/>\n<meta name=\"twitter:card\" content=\"summary_large_image\" \/>\n<meta name=\"twitter:label1\" content=\"\u00c9crit par\" \/>\n\t<meta name=\"twitter:data1\" content=\"librairietraitdunion\" \/>\n\t<meta name=\"twitter:label2\" content=\"Dur\u00e9e de lecture estim\u00e9e\" \/>\n\t<meta name=\"twitter:data2\" content=\"4 minutes\" \/>\n<script type=\"application\/ld+json\" class=\"yoast-schema-graph\">{\"@context\":\"https:\/\/schema.org\",\"@graph\":[{\"@type\":\"WebPage\",\"@id\":\"https:\/\/librairietraitdunion.fr\/les-infos-du-printemps-%f0%9f%8c%b7\/\",\"url\":\"https:\/\/librairietraitdunion.fr\/les-infos-du-printemps-%f0%9f%8c%b7\/\",\"name\":\"Les infos du printemps \ud83c\udf37 - Librairie Trait d&#039;Union | Noirmoutier\",\"isPartOf\":{\"@id\":\"https:\/\/librairietraitdunion.fr\/#website\"},\"datePublished\":\"2022-04-20T11:45:01+00:00\",\"dateModified\":\"2022-05-11T06:30:13+00:00\",\"author\":{\"@id\":\"https:\/\/librairietraitdunion.fr\/#\/schema\/person\/218b86c38adc5ca905a90cddd5dc900f\"},\"breadcrumb\":{\"@id\":\"https:\/\/librairietraitdunion.fr\/les-infos-du-printemps-%f0%9f%8c%b7\/#breadcrumb\"},\"inLanguage\":\"fr-FR\",\"potentialAction\":[{\"@type\":\"ReadAction\",\"target\":[\"https:\/\/librairietraitdunion.fr\/les-infos-du-printemps-%f0%9f%8c%b7\/\"]}]},{\"@type\":\"BreadcrumbList\",\"@id\":\"https:\/\/librairietraitdunion.fr\/les-infos-du-printemps-%f0%9f%8c%b7\/#breadcrumb\",\"itemListElement\":[{\"@type\":\"ListItem\",\"position\":1,\"name\":\"Accueil\",\"item\":\"https:\/\/librairietraitdunion.fr\/\"},{\"@type\":\"ListItem\",\"position\":2,\"name\":\"Les infos du printemps \ud83c\udf37\"}]},{\"@type\":\"WebSite\",\"@id\":\"https:\/\/librairietraitdunion.fr\/#website\",\"url\":\"https:\/\/librairietraitdunion.fr\/\",\"name\":\"Librairie Trait d&#039;Union | Noirmoutier\",\"description\":\"Librairie \u00e0 Noirmoutier\",\"potentialAction\":[{\"@type\":\"SearchAction\",\"target\":{\"@type\":\"EntryPoint\",\"urlTemplate\":\"https:\/\/librairietraitdunion.fr\/?s={search_term_string}\"},\"query-input\":{\"@type\":\"PropertyValueSpecification\",\"valueRequired\":true,\"valueName\":\"search_term_string\"}}],\"inLanguage\":\"fr-FR\"},{\"@type\":\"Person\",\"@id\":\"https:\/\/librairietraitdunion.fr\/#\/schema\/person\/218b86c38adc5ca905a90cddd5dc900f\",\"name\":\"librairietraitdunion\",\"image\":{\"@type\":\"ImageObject\",\"inLanguage\":\"fr-FR\",\"@id\":\"https:\/\/librairietraitdunion.fr\/#\/schema\/person\/image\/\",\"url\":\"https:\/\/secure.gravatar.com\/avatar\/eeb9b44c40ac4753f2a685a10a6f2a267249eef7ceed8a7bc7ed2f176ef34ccd?s=96&d=mm&r=g\",\"contentUrl\":\"https:\/\/secure.gravatar.com\/avatar\/eeb9b44c40ac4753f2a685a10a6f2a267249eef7ceed8a7bc7ed2f176ef34ccd?s=96&d=mm&r=g\",\"caption\":\"librairietraitdunion\"},\"url\":\"https:\/\/librairietraitdunion.fr\/author\/librairietraitdunion\/\"}]}<\/script>\n<!-- \/ Yoast SEO plugin. -->","yoast_head_json":{"title":"Les infos du printemps \ud83c\udf37 - Librairie Trait d&#039;Union | Noirmoutier","robots":{"index":"index","follow":"follow","max-snippet":"max-snippet:-1","max-image-preview":"max-image-preview:large","max-video-preview":"max-video-preview:-1"},"canonical":"https:\/\/librairietraitdunion.fr\/les-infos-du-printemps-\ud83c\udf37\/","og_locale":"fr_FR","og_type":"article","og_title":"Les infos du printemps \ud83c\udf37 - Librairie Trait d&#039;Union | Noirmoutier","og_description":"Chers vous, \ud83c\udf37 C'est le printemps, un dr\u00f4le de printemps mais le printemps quand m\u00eame. C'est vrai qu'il est difficile de ne pas tout trouver futile, dans nos petites vies et nos petites boutiques, au regard du drame qui se d\u00e9roule \u00e0 nos portes (et dans beaucoup d'autres endroits du monde d'ailleurs)... On essaye donc, [&hellip;]","og_url":"https:\/\/librairietraitdunion.fr\/les-infos-du-printemps-\ud83c\udf37\/","og_site_name":"Librairie Trait d&#039;Union | Noirmoutier","article_published_time":"2022-04-20T11:45:01+00:00","article_modified_time":"2022-05-11T06:30:13+00:00","author":"librairietraitdunion","twitter_card":"summary_large_image","twitter_misc":{"\u00c9crit par":"librairietraitdunion","Dur\u00e9e de lecture estim\u00e9e":"4 minutes"},"schema":{"@context":"https:\/\/schema.org","@graph":[{"@type":"WebPage","@id":"https:\/\/librairietraitdunion.fr\/les-infos-du-printemps-%f0%9f%8c%b7\/","url":"https:\/\/librairietraitdunion.fr\/les-infos-du-printemps-%f0%9f%8c%b7\/","name":"Les infos du printemps \ud83c\udf37 - Librairie Trait d&#039;Union | Noirmoutier","isPartOf":{"@id":"https:\/\/librairietraitdunion.fr\/#website"},"datePublished":"2022-04-20T11:45:01+00:00","dateModified":"2022-05-11T06:30:13+00:00","author":{"@id":"https:\/\/librairietraitdunion.fr\/#\/schema\/person\/218b86c38adc5ca905a90cddd5dc900f"},"breadcrumb":{"@id":"https:\/\/librairietraitdunion.fr\/les-infos-du-printemps-%f0%9f%8c%b7\/#breadcrumb"},"inLanguage":"fr-FR","potentialAction":[{"@type":"ReadAction","target":["https:\/\/librairietraitdunion.fr\/les-infos-du-printemps-%f0%9f%8c%b7\/"]}]},{"@type":"BreadcrumbList","@id":"https:\/\/librairietraitdunion.fr\/les-infos-du-printemps-%f0%9f%8c%b7\/#breadcrumb","itemListElement":[{"@type":"ListItem","position":1,"name":"Accueil","item":"https:\/\/librairietraitdunion.fr\/"},{"@type":"ListItem","position":2,"name":"Les infos du printemps \ud83c\udf37"}]},{"@type":"WebSite","@id":"https:\/\/librairietraitdunion.fr\/#website","url":"https:\/\/librairietraitdunion.fr\/","name":"Librairie Trait d&#039;Union | Noirmoutier","description":"Librairie \u00e0 Noirmoutier","potentialAction":[{"@type":"SearchAction","target":{"@type":"EntryPoint","urlTemplate":"https:\/\/librairietraitdunion.fr\/?s={search_term_string}"},"query-input":{"@type":"PropertyValueSpecification","valueRequired":true,"valueName":"search_term_string"}}],"inLanguage":"fr-FR"},{"@type":"Person","@id":"https:\/\/librairietraitdunion.fr\/#\/schema\/person\/218b86c38adc5ca905a90cddd5dc900f","name":"librairietraitdunion","image":{"@type":"ImageObject","inLanguage":"fr-FR","@id":"https:\/\/librairietraitdunion.fr\/#\/schema\/person\/image\/","url":"https:\/\/secure.gravatar.com\/avatar\/eeb9b44c40ac4753f2a685a10a6f2a267249eef7ceed8a7bc7ed2f176ef34ccd?s=96&d=mm&r=g","contentUrl":"https:\/\/secure.gravatar.com\/avatar\/eeb9b44c40ac4753f2a685a10a6f2a267249eef7ceed8a7bc7ed2f176ef34ccd?s=96&d=mm&r=g","caption":"librairietraitdunion"},"url":"https:\/\/librairietraitdunion.fr\/author\/librairietraitdunion\/"}]}},"_links":{"self":[{"href":"https:\/\/librairietraitdunion.fr\/api\/wp\/v2\/posts\/2786","targetHints":{"allow":["GET"]}}],"collection":[{"href":"https:\/\/librairietraitdunion.fr\/api\/wp\/v2\/posts"}],"about":[{"href":"https:\/\/librairietraitdunion.fr\/api\/wp\/v2\/types\/post"}],"author":[{"embeddable":true,"href":"https:\/\/librairietraitdunion.fr\/api\/wp\/v2\/users\/2"}],"replies":[{"embeddable":true,"href":"https:\/\/librairietraitdunion.fr\/api\/wp\/v2\/comments?post=2786"}],"version-history":[{"count":8,"href":"https:\/\/librairietraitdunion.fr\/api\/wp\/v2\/posts\/2786\/revisions"}],"predecessor-version":[{"id":2831,"href":"https:\/\/librairietraitdunion.fr\/api\/wp\/v2\/posts\/2786\/revisions\/2831"}],"wp:attachment":[{"href":"https:\/\/librairietraitdunion.fr\/api\/wp\/v2\/media?parent=2786"}],"wp:term":[{"taxonomy":"category","embeddable":true,"href":"https:\/\/librairietraitdunion.fr\/api\/wp\/v2\/categories?post=2786"},{"taxonomy":"post_tag","embeddable":true,"href":"https:\/\/librairietraitdunion.fr\/api\/wp\/v2\/tags?post=2786"}],"curies":[{"name":"wp","href":"https:\/\/api.w.org\/{rel}","templated":true}]}}