{"id":325,"date":"2018-01-25T12:16:30","date_gmt":"2018-01-25T11:16:30","guid":{"rendered":"https:\/\/librairietraitdunion.fr\/?p=325"},"modified":"2018-12-12T16:04:52","modified_gmt":"2018-12-12T15:04:52","slug":"des-nouvelles-de-trait-dunion-noirmoutier-decembre-2017","status":"publish","type":"post","link":"https:\/\/librairietraitdunion.fr\/des-nouvelles-de-trait-dunion-noirmoutier-decembre-2017\/","title":{"rendered":"2018 (janvier) : les Voeux de Trait d&rsquo;Union"},"content":{"rendered":"<p>[et_pb_section bb_built=\u00a0\u00bb1&Prime;][et_pb_row][et_pb_column type=\u00a0\u00bb4_4&Prime;][et_pb_text _builder_version=\u00a0\u00bb3.17.6&Prime;]<\/p>\n<div class=\"\">\n<div class=\"\">\n<div class=\"\" dir=\"auto\">\n<div dir=\"auto\"><img loading=\"lazy\" decoding=\"async\" class=\"alignnone size-full wp-image-326\" src=\"https:\/\/librairietraitdunion.fr\/wp-content\/uploads\/2018\/11\/pair-of-champagne-glasses-holiday-toast-vector-id612723736.png\" alt=\"\" width=\"85\" height=\"85\" \/><\/div>\n<div class=\"\" dir=\"auto\">Bonjour \u00e0 tous fid\u00e8les auteurs fid\u00e8les lecteurs<\/div>\n<\/div>\n<\/div>\n<\/div>\n<div class=\"\">\n<div class=\"\">\n<div class=\"\" dir=\"auto\">\n<div class=\"\" dir=\"auto\">Voici venir\u00a0<b class=\"\">nos voeux<\/b>\u00a0\u00e0 nous c\u2019est d\u00e9j\u00e0 l&rsquo;heure<\/div>\n<div class=\"\" dir=\"auto\">Vous avez remarqu\u00e9 que je m\u2019y prends toujours<\/div>\n<div class=\"\" dir=\"auto\">Juste au dernier moment m\u00eame si j\u2019y pense chaq\u2019jour<\/div>\n<div class=\"\" dir=\"auto\">\u00a0<\/div>\n<div class=\"\" dir=\"auto\">Cette fois c\u2019est d\u00e9cid\u00e9 pour la nouvelle ann\u00e9e,<\/p>\n<div class=\"\">En vers de\u00a0<b class=\"\">douze pieds<\/b>\u00a0j&rsquo;aimerais m\u2019exprimer<\/div>\n<div class=\"\">Ca change un peu et puis comme \u00e7a c\u2019est plus marrant<\/div>\n<div class=\"\">De parler du pass\u00e9 \u00e0 venir au pr\u00e9sent<\/div>\n<div class=\"\">\u00a0<\/div>\n<div class=\"\">C\u2019est vrai qu\u2019les ann\u00e9es passent sans voir de grand chang&rsquo;ments<\/div>\n<div class=\"\">Des espoirs\u00a0<b class=\"\">des id\u00e9es\u00a0<\/b>des bonheurs des errements<\/div>\n<div class=\"\">Alors voici nos voeux pour qu\u2019en 2018\u00a0<\/div>\n<div class=\"\">Que personne vraiment ne dicte votre conduite<\/div>\n<div class=\"\">\u00a0<\/div>\n<div class=\"\">Que vous\u00a0<b class=\"\">soyez heureux<\/b>\u00a0et puis \u00e0 l&rsquo;avenir<\/div>\n<div class=\"\">Que vous puissiez r\u00eaver rire et puis surtout lire<\/div>\n<div class=\"\">Que chaque jour qui passe vous donne beaucoup d\u2019espoir<\/div>\n<div class=\"\">Et que jamais vos id\u00e9es ne se teignent en noir<\/div>\n<div class=\"\">\u00a0<\/div>\n<div class=\"\">Allez soyons un peu concrets pour une fois<\/div>\n<div class=\"\">Des annonces \u00e0 vous faire j\u2019en ai pour tous les mois<\/div>\n<div class=\"\">C\u2019est la\u00a0<b class=\"\">dixi\u00e8me saison<\/b>\u00a0qui s\u2019annonce pour nous<\/div>\n<div class=\"\">Ca m\u00e9rite une f\u00eate, une coupette avec vous !<\/div>\n<div class=\"\">\u00a0<\/div>\n<div class=\"\">D\u00e8s maintenant gardez\u00a0<b class=\"\">votre 14 juillet\u00a0<\/b><\/div>\n<div class=\"\">Car nous vous invitons \u00e0 venir partager<\/div>\n<div class=\"\">Not\u2019 bonheur d\u2019exister depuis une d\u00e9cennie<\/div>\n<div class=\"\">C\u2019est gr\u00e2ce \u00e0 vous tout \u00e7a on vous en remercie !!<\/div>\n<\/div>\n<\/div>\n<\/div>\n<div class=\"\">\n<div class=\"\" dir=\"auto\">\n<div class=\"\" dir=\"auto\">\n<div class=\"\"><img loading=\"lazy\" decoding=\"async\" class=\"alignnone size-full wp-image-326\" src=\"https:\/\/librairietraitdunion.fr\/wp-content\/uploads\/2018\/11\/pair-of-champagne-glasses-holiday-toast-vector-id612723736.png\" alt=\"\" width=\"85\" height=\"85\" \/><\/div>\n<div class=\"\"><span class=\"\" style=\"font-size: xx-small;\">Librairie-Caf\u00e9 Trait d\u2019Union &#8211;<\/span><span class=\"\">1 bis, rue du Grand Four \u00e0\u00a0Noirmoutier<\/span><\/div>\n<\/div>\n<\/div>\n<\/div>\n<\/div>\n<div class=\"\">\n<div class=\"\">\n<div class=\"\" dir=\"auto\">\n<div class=\"\" dir=\"auto\">\n<div class=\"\"><span class=\"\">Ouvert toute l\u2019ann\u00e9e depuis le printemps 2009 !<\/span><\/div>\n<\/div>\n<\/div>\n<\/div>\n<\/div>\n<p>[\/et_pb_text][\/et_pb_column][\/et_pb_row][\/et_pb_section]<\/p>\n","protected":false},"excerpt":{"rendered":"<p><div class=\"et_pb_row et_pb_row_0 et_pb_row_empty\">\n\t\t\t\t\n\t\t\t\t\n\t\t\t\t\n\t\t\t\t\n\t\t\t\t\n\t\t\t<\/div> Bonjour \u00e0 tous fid\u00e8les auteurs fid\u00e8les lecteursVoici venir\u00a0nos voeux\u00a0\u00e0 nous c\u2019est d\u00e9j\u00e0 l&rsquo;heureVous avez remarqu\u00e9 que je m\u2019y prends toujoursJuste au dernier moment m\u00eame si j\u2019y pense chaq\u2019jour\u00a0Cette fois c\u2019est d\u00e9cid\u00e9 pour la nouvelle ann\u00e9e,En vers de\u00a0douze pieds\u00a0j&rsquo;aimerais m\u2019exprimerCa change un peu et puis comme \u00e7a c\u2019est plus marrantDe parler du pass\u00e9 \u00e0 venir [&hellip;]<\/p>\n","protected":false},"author":1,"featured_media":0,"comment_status":"closed","ping_status":"open","sticky":false,"template":"","format":"standard","meta":{"_et_pb_use_builder":"on","_et_pb_old_content":"","_et_gb_content_width":"","footnotes":""},"categories":[12],"tags":[],"class_list":["post-325","post","type-post","status-publish","format-standard","hentry","category-newsletter"],"yoast_head":"<!-- This site is optimized with the Yoast SEO plugin v25.7 - https:\/\/yoast.com\/wordpress\/plugins\/seo\/ -->\n<title>2018 (janvier) : les Voeux de Trait d&#039;Union - Librairie Trait d&#039;Union | Noirmoutier<\/title>\n<meta name=\"robots\" content=\"index, follow, max-snippet:-1, max-image-preview:large, max-video-preview:-1\" \/>\n<link rel=\"canonical\" href=\"https:\/\/librairietraitdunion.fr\/des-nouvelles-de-trait-dunion-noirmoutier-decembre-2017\/\" \/>\n<meta property=\"og:locale\" content=\"fr_FR\" \/>\n<meta property=\"og:type\" content=\"article\" \/>\n<meta property=\"og:title\" content=\"2018 (janvier) : les Voeux de Trait d&#039;Union - Librairie Trait d&#039;Union | Noirmoutier\" \/>\n<meta property=\"og:description\" content=\"Bonjour \u00e0 tous fid\u00e8les auteurs fid\u00e8les lecteursVoici venir\u00a0nos voeux\u00a0\u00e0 nous c\u2019est d\u00e9j\u00e0 l&#039;heureVous avez remarqu\u00e9 que je m\u2019y prends toujoursJuste au dernier moment m\u00eame si j\u2019y pense chaq\u2019jour\u00a0Cette fois c\u2019est d\u00e9cid\u00e9 pour la nouvelle ann\u00e9e,En vers de\u00a0douze pieds\u00a0j&#039;aimerais m\u2019exprimerCa change un peu et puis comme \u00e7a c\u2019est plus marrantDe parler du pass\u00e9 \u00e0 venir [&hellip;]\" \/>\n<meta property=\"og:url\" content=\"https:\/\/librairietraitdunion.fr\/des-nouvelles-de-trait-dunion-noirmoutier-decembre-2017\/\" \/>\n<meta property=\"og:site_name\" content=\"Librairie Trait d&#039;Union | Noirmoutier\" \/>\n<meta property=\"article:published_time\" content=\"2018-01-25T11:16:30+00:00\" \/>\n<meta property=\"article:modified_time\" content=\"2018-12-12T15:04:52+00:00\" \/>\n<meta property=\"og:image\" content=\"https:\/\/librairietraitdunion.fr\/wp-content\/uploads\/2018\/11\/pair-of-champagne-glasses-holiday-toast-vector-id612723736.png\" \/>\n<meta name=\"author\" content=\"admin-traitdunion\" \/>\n<meta name=\"twitter:card\" content=\"summary_large_image\" \/>\n<meta name=\"twitter:label1\" content=\"\u00c9crit par\" \/>\n\t<meta name=\"twitter:data1\" content=\"admin-traitdunion\" \/>\n\t<meta name=\"twitter:label2\" content=\"Dur\u00e9e de lecture estim\u00e9e\" \/>\n\t<meta name=\"twitter:data2\" content=\"1 minute\" \/>\n<script type=\"application\/ld+json\" class=\"yoast-schema-graph\">{\"@context\":\"https:\/\/schema.org\",\"@graph\":[{\"@type\":\"WebPage\",\"@id\":\"https:\/\/librairietraitdunion.fr\/des-nouvelles-de-trait-dunion-noirmoutier-decembre-2017\/\",\"url\":\"https:\/\/librairietraitdunion.fr\/des-nouvelles-de-trait-dunion-noirmoutier-decembre-2017\/\",\"name\":\"2018 (janvier) : les Voeux de Trait d'Union - Librairie Trait d&#039;Union | Noirmoutier\",\"isPartOf\":{\"@id\":\"https:\/\/librairietraitdunion.fr\/#website\"},\"primaryImageOfPage\":{\"@id\":\"https:\/\/librairietraitdunion.fr\/des-nouvelles-de-trait-dunion-noirmoutier-decembre-2017\/#primaryimage\"},\"image\":{\"@id\":\"https:\/\/librairietraitdunion.fr\/des-nouvelles-de-trait-dunion-noirmoutier-decembre-2017\/#primaryimage\"},\"thumbnailUrl\":\"https:\/\/librairietraitdunion.fr\/wp-content\/uploads\/2018\/11\/pair-of-champagne-glasses-holiday-toast-vector-id612723736.png\",\"datePublished\":\"2018-01-25T11:16:30+00:00\",\"dateModified\":\"2018-12-12T15:04:52+00:00\",\"author\":{\"@id\":\"https:\/\/librairietraitdunion.fr\/#\/schema\/person\/8de088e7055d7f26b56dcbd890c0b34f\"},\"breadcrumb\":{\"@id\":\"https:\/\/librairietraitdunion.fr\/des-nouvelles-de-trait-dunion-noirmoutier-decembre-2017\/#breadcrumb\"},\"inLanguage\":\"fr-FR\",\"potentialAction\":[{\"@type\":\"ReadAction\",\"target\":[\"https:\/\/librairietraitdunion.fr\/des-nouvelles-de-trait-dunion-noirmoutier-decembre-2017\/\"]}]},{\"@type\":\"ImageObject\",\"inLanguage\":\"fr-FR\",\"@id\":\"https:\/\/librairietraitdunion.fr\/des-nouvelles-de-trait-dunion-noirmoutier-decembre-2017\/#primaryimage\",\"url\":\"https:\/\/librairietraitdunion.fr\/wp-content\/uploads\/2018\/11\/pair-of-champagne-glasses-holiday-toast-vector-id612723736.png\",\"contentUrl\":\"https:\/\/librairietraitdunion.fr\/wp-content\/uploads\/2018\/11\/pair-of-champagne-glasses-holiday-toast-vector-id612723736.png\",\"width\":85,\"height\":85},{\"@type\":\"BreadcrumbList\",\"@id\":\"https:\/\/librairietraitdunion.fr\/des-nouvelles-de-trait-dunion-noirmoutier-decembre-2017\/#breadcrumb\",\"itemListElement\":[{\"@type\":\"ListItem\",\"position\":1,\"name\":\"Accueil\",\"item\":\"https:\/\/librairietraitdunion.fr\/\"},{\"@type\":\"ListItem\",\"position\":2,\"name\":\"2018 (janvier) : les Voeux de Trait d&rsquo;Union\"}]},{\"@type\":\"WebSite\",\"@id\":\"https:\/\/librairietraitdunion.fr\/#website\",\"url\":\"https:\/\/librairietraitdunion.fr\/\",\"name\":\"Librairie Trait d&#039;Union | Noirmoutier\",\"description\":\"Librairie \u00e0 Noirmoutier\",\"potentialAction\":[{\"@type\":\"SearchAction\",\"target\":{\"@type\":\"EntryPoint\",\"urlTemplate\":\"https:\/\/librairietraitdunion.fr\/?s={search_term_string}\"},\"query-input\":{\"@type\":\"PropertyValueSpecification\",\"valueRequired\":true,\"valueName\":\"search_term_string\"}}],\"inLanguage\":\"fr-FR\"},{\"@type\":\"Person\",\"@id\":\"https:\/\/librairietraitdunion.fr\/#\/schema\/person\/8de088e7055d7f26b56dcbd890c0b34f\",\"name\":\"admin-traitdunion\",\"image\":{\"@type\":\"ImageObject\",\"inLanguage\":\"fr-FR\",\"@id\":\"https:\/\/librairietraitdunion.fr\/#\/schema\/person\/image\/\",\"url\":\"https:\/\/secure.gravatar.com\/avatar\/b7e7818f3bc4056d29730c8b49b56e37487cafa62e85d34ee719e66093981a2f?s=96&d=mm&r=g\",\"contentUrl\":\"https:\/\/secure.gravatar.com\/avatar\/b7e7818f3bc4056d29730c8b49b56e37487cafa62e85d34ee719e66093981a2f?s=96&d=mm&r=g\",\"caption\":\"admin-traitdunion\"},\"url\":\"https:\/\/librairietraitdunion.fr\/author\/admin-traitdunion\/\"}]}<\/script>\n<!-- \/ Yoast SEO plugin. -->","yoast_head_json":{"title":"2018 (janvier) : les Voeux de Trait d'Union - Librairie Trait d&#039;Union | Noirmoutier","robots":{"index":"index","follow":"follow","max-snippet":"max-snippet:-1","max-image-preview":"max-image-preview:large","max-video-preview":"max-video-preview:-1"},"canonical":"https:\/\/librairietraitdunion.fr\/des-nouvelles-de-trait-dunion-noirmoutier-decembre-2017\/","og_locale":"fr_FR","og_type":"article","og_title":"2018 (janvier) : les Voeux de Trait d'Union - Librairie Trait d&#039;Union | Noirmoutier","og_description":"Bonjour \u00e0 tous fid\u00e8les auteurs fid\u00e8les lecteursVoici venir\u00a0nos voeux\u00a0\u00e0 nous c\u2019est d\u00e9j\u00e0 l'heureVous avez remarqu\u00e9 que je m\u2019y prends toujoursJuste au dernier moment m\u00eame si j\u2019y pense chaq\u2019jour\u00a0Cette fois c\u2019est d\u00e9cid\u00e9 pour la nouvelle ann\u00e9e,En vers de\u00a0douze pieds\u00a0j'aimerais m\u2019exprimerCa change un peu et puis comme \u00e7a c\u2019est plus marrantDe parler du pass\u00e9 \u00e0 venir [&hellip;]","og_url":"https:\/\/librairietraitdunion.fr\/des-nouvelles-de-trait-dunion-noirmoutier-decembre-2017\/","og_site_name":"Librairie Trait d&#039;Union | Noirmoutier","article_published_time":"2018-01-25T11:16:30+00:00","article_modified_time":"2018-12-12T15:04:52+00:00","og_image":[{"url":"https:\/\/librairietraitdunion.fr\/wp-content\/uploads\/2018\/11\/pair-of-champagne-glasses-holiday-toast-vector-id612723736.png","type":"","width":"","height":""}],"author":"admin-traitdunion","twitter_card":"summary_large_image","twitter_misc":{"\u00c9crit par":"admin-traitdunion","Dur\u00e9e de lecture estim\u00e9e":"1 minute"},"schema":{"@context":"https:\/\/schema.org","@graph":[{"@type":"WebPage","@id":"https:\/\/librairietraitdunion.fr\/des-nouvelles-de-trait-dunion-noirmoutier-decembre-2017\/","url":"https:\/\/librairietraitdunion.fr\/des-nouvelles-de-trait-dunion-noirmoutier-decembre-2017\/","name":"2018 (janvier) : les Voeux de Trait d'Union - Librairie Trait d&#039;Union | Noirmoutier","isPartOf":{"@id":"https:\/\/librairietraitdunion.fr\/#website"},"primaryImageOfPage":{"@id":"https:\/\/librairietraitdunion.fr\/des-nouvelles-de-trait-dunion-noirmoutier-decembre-2017\/#primaryimage"},"image":{"@id":"https:\/\/librairietraitdunion.fr\/des-nouvelles-de-trait-dunion-noirmoutier-decembre-2017\/#primaryimage"},"thumbnailUrl":"https:\/\/librairietraitdunion.fr\/wp-content\/uploads\/2018\/11\/pair-of-champagne-glasses-holiday-toast-vector-id612723736.png","datePublished":"2018-01-25T11:16:30+00:00","dateModified":"2018-12-12T15:04:52+00:00","author":{"@id":"https:\/\/librairietraitdunion.fr\/#\/schema\/person\/8de088e7055d7f26b56dcbd890c0b34f"},"breadcrumb":{"@id":"https:\/\/librairietraitdunion.fr\/des-nouvelles-de-trait-dunion-noirmoutier-decembre-2017\/#breadcrumb"},"inLanguage":"fr-FR","potentialAction":[{"@type":"ReadAction","target":["https:\/\/librairietraitdunion.fr\/des-nouvelles-de-trait-dunion-noirmoutier-decembre-2017\/"]}]},{"@type":"ImageObject","inLanguage":"fr-FR","@id":"https:\/\/librairietraitdunion.fr\/des-nouvelles-de-trait-dunion-noirmoutier-decembre-2017\/#primaryimage","url":"https:\/\/librairietraitdunion.fr\/wp-content\/uploads\/2018\/11\/pair-of-champagne-glasses-holiday-toast-vector-id612723736.png","contentUrl":"https:\/\/librairietraitdunion.fr\/wp-content\/uploads\/2018\/11\/pair-of-champagne-glasses-holiday-toast-vector-id612723736.png","width":85,"height":85},{"@type":"BreadcrumbList","@id":"https:\/\/librairietraitdunion.fr\/des-nouvelles-de-trait-dunion-noirmoutier-decembre-2017\/#breadcrumb","itemListElement":[{"@type":"ListItem","position":1,"name":"Accueil","item":"https:\/\/librairietraitdunion.fr\/"},{"@type":"ListItem","position":2,"name":"2018 (janvier) : les Voeux de Trait d&rsquo;Union"}]},{"@type":"WebSite","@id":"https:\/\/librairietraitdunion.fr\/#website","url":"https:\/\/librairietraitdunion.fr\/","name":"Librairie Trait d&#039;Union | Noirmoutier","description":"Librairie \u00e0 Noirmoutier","potentialAction":[{"@type":"SearchAction","target":{"@type":"EntryPoint","urlTemplate":"https:\/\/librairietraitdunion.fr\/?s={search_term_string}"},"query-input":{"@type":"PropertyValueSpecification","valueRequired":true,"valueName":"search_term_string"}}],"inLanguage":"fr-FR"},{"@type":"Person","@id":"https:\/\/librairietraitdunion.fr\/#\/schema\/person\/8de088e7055d7f26b56dcbd890c0b34f","name":"admin-traitdunion","image":{"@type":"ImageObject","inLanguage":"fr-FR","@id":"https:\/\/librairietraitdunion.fr\/#\/schema\/person\/image\/","url":"https:\/\/secure.gravatar.com\/avatar\/b7e7818f3bc4056d29730c8b49b56e37487cafa62e85d34ee719e66093981a2f?s=96&d=mm&r=g","contentUrl":"https:\/\/secure.gravatar.com\/avatar\/b7e7818f3bc4056d29730c8b49b56e37487cafa62e85d34ee719e66093981a2f?s=96&d=mm&r=g","caption":"admin-traitdunion"},"url":"https:\/\/librairietraitdunion.fr\/author\/admin-traitdunion\/"}]}},"_links":{"self":[{"href":"https:\/\/librairietraitdunion.fr\/api\/wp\/v2\/posts\/325","targetHints":{"allow":["GET"]}}],"collection":[{"href":"https:\/\/librairietraitdunion.fr\/api\/wp\/v2\/posts"}],"about":[{"href":"https:\/\/librairietraitdunion.fr\/api\/wp\/v2\/types\/post"}],"author":[{"embeddable":true,"href":"https:\/\/librairietraitdunion.fr\/api\/wp\/v2\/users\/1"}],"replies":[{"embeddable":true,"href":"https:\/\/librairietraitdunion.fr\/api\/wp\/v2\/comments?post=325"}],"version-history":[{"count":5,"href":"https:\/\/librairietraitdunion.fr\/api\/wp\/v2\/posts\/325\/revisions"}],"predecessor-version":[{"id":884,"href":"https:\/\/librairietraitdunion.fr\/api\/wp\/v2\/posts\/325\/revisions\/884"}],"wp:attachment":[{"href":"https:\/\/librairietraitdunion.fr\/api\/wp\/v2\/media?parent=325"}],"wp:term":[{"taxonomy":"category","embeddable":true,"href":"https:\/\/librairietraitdunion.fr\/api\/wp\/v2\/categories?post=325"},{"taxonomy":"post_tag","embeddable":true,"href":"https:\/\/librairietraitdunion.fr\/api\/wp\/v2\/tags?post=325"}],"curies":[{"name":"wp","href":"https:\/\/api.w.org\/{rel}","templated":true}]}}