{"id":4681,"date":"2025-05-06T08:17:51","date_gmt":"2025-05-06T06:17:51","guid":{"rendered":"https:\/\/librairietraitdunion.fr\/?p=4681"},"modified":"2025-05-06T09:01:32","modified_gmt":"2025-05-06T07:01:32","slug":"le-programme-du-printemps-%f0%9f%8c%b7","status":"publish","type":"post","link":"https:\/\/librairietraitdunion.fr\/le-programme-du-printemps-%f0%9f%8c%b7\/","title":{"rendered":"Le programme du printemps \ud83c\udf37"},"content":{"rendered":"<p>[et_pb_section fb_built=\u00a0\u00bb1&Prime; _builder_version=\u00a0\u00bb4.16&Prime; global_colors_info=\u00a0\u00bb{}\u00a0\u00bb][et_pb_row _builder_version=\u00a0\u00bb4.16&Prime; background_size=\u00a0\u00bbinitial\u00a0\u00bb background_position=\u00a0\u00bbtop_left\u00a0\u00bb background_repeat=\u00a0\u00bbrepeat\u00a0\u00bb global_colors_info=\u00a0\u00bb{}\u00a0\u00bb][et_pb_column type=\u00a0\u00bb4_4&Prime; _builder_version=\u00a0\u00bb4.16&Prime; custom_padding=\u00a0\u00bb|||\u00a0\u00bb global_colors_info=\u00a0\u00bb{}\u00a0\u00bb custom_padding__hover=\u00a0\u00bb|||\u00a0\u00bb][et_pb_text admin_label=\u00a0\u00bbTexte\u00a0\u00bb _builder_version=\u00a0\u00bb4.27.4&Prime; z_index_tablet=\u00a0\u00bb500&Prime; text_text_shadow_horizontal_length_tablet=\u00a0\u00bb0px\u00a0\u00bb text_text_shadow_vertical_length_tablet=\u00a0\u00bb0px\u00a0\u00bb text_text_shadow_blur_strength_tablet=\u00a0\u00bb1px\u00a0\u00bb link_text_shadow_horizontal_length_tablet=\u00a0\u00bb0px\u00a0\u00bb link_text_shadow_vertical_length_tablet=\u00a0\u00bb0px\u00a0\u00bb link_text_shadow_blur_strength_tablet=\u00a0\u00bb1px\u00a0\u00bb ul_text_shadow_horizontal_length_tablet=\u00a0\u00bb0px\u00a0\u00bb ul_text_shadow_vertical_length_tablet=\u00a0\u00bb0px\u00a0\u00bb ul_text_shadow_blur_strength_tablet=\u00a0\u00bb1px\u00a0\u00bb ol_text_shadow_horizontal_length_tablet=\u00a0\u00bb0px\u00a0\u00bb ol_text_shadow_vertical_length_tablet=\u00a0\u00bb0px\u00a0\u00bb ol_text_shadow_blur_strength_tablet=\u00a0\u00bb1px\u00a0\u00bb quote_text_shadow_horizontal_length_tablet=\u00a0\u00bb0px\u00a0\u00bb quote_text_shadow_vertical_length_tablet=\u00a0\u00bb0px\u00a0\u00bb quote_text_shadow_blur_strength_tablet=\u00a0\u00bb1px\u00a0\u00bb header_text_shadow_horizontal_length_tablet=\u00a0\u00bb0px\u00a0\u00bb header_text_shadow_vertical_length_tablet=\u00a0\u00bb0px\u00a0\u00bb header_text_shadow_blur_strength_tablet=\u00a0\u00bb1px\u00a0\u00bb header_2_text_shadow_horizontal_length_tablet=\u00a0\u00bb0px\u00a0\u00bb header_2_text_shadow_vertical_length_tablet=\u00a0\u00bb0px\u00a0\u00bb header_2_text_shadow_blur_strength_tablet=\u00a0\u00bb1px\u00a0\u00bb header_3_text_shadow_horizontal_length_tablet=\u00a0\u00bb0px\u00a0\u00bb header_3_text_shadow_vertical_length_tablet=\u00a0\u00bb0px\u00a0\u00bb header_3_text_shadow_blur_strength_tablet=\u00a0\u00bb1px\u00a0\u00bb header_4_text_shadow_horizontal_length_tablet=\u00a0\u00bb0px\u00a0\u00bb header_4_text_shadow_vertical_length_tablet=\u00a0\u00bb0px\u00a0\u00bb header_4_text_shadow_blur_strength_tablet=\u00a0\u00bb1px\u00a0\u00bb header_5_text_shadow_horizontal_length_tablet=\u00a0\u00bb0px\u00a0\u00bb header_5_text_shadow_vertical_length_tablet=\u00a0\u00bb0px\u00a0\u00bb header_5_text_shadow_blur_strength_tablet=\u00a0\u00bb1px\u00a0\u00bb header_6_text_shadow_horizontal_length_tablet=\u00a0\u00bb0px\u00a0\u00bb header_6_text_shadow_vertical_length_tablet=\u00a0\u00bb0px\u00a0\u00bb header_6_text_shadow_blur_strength_tablet=\u00a0\u00bb1px\u00a0\u00bb box_shadow_horizontal_tablet=\u00a0\u00bb0px\u00a0\u00bb box_shadow_vertical_tablet=\u00a0\u00bb0px\u00a0\u00bb box_shadow_blur_tablet=\u00a0\u00bb40px\u00a0\u00bb box_shadow_spread_tablet=\u00a0\u00bb0px\u00a0\u00bb global_colors_info=\u00a0\u00bb{}\u00a0\u00bb]<\/p>\n<h3 dir=\"auto\">A venir \ud83d\udcda :<\/h3>\n<p>&nbsp;<\/p>\n<div dir=\"auto\">Apr\u00e8s une dict\u00e9e fabuleuse, une rencontre passionnante et un atelier \u00ab\u00a0Radio crochet\u00a0\u00bb\u00a0 absolument parfait (!), il vous reste un rendez-vous de printemps, avant le programme de folie de l&rsquo;\u00e9t\u00e9 !<\/div>\n<div dir=\"auto\">\u00a0<\/div>\n<div dir=\"auto\">\n<div>\ud83c\udf33\u00a0 <b>Samedi 10 mai \u00e0 17h dans le bois de la Chaize, au bord de l\u2019eau (pr\u00e8s du Fort St Pierre) : Atelier d\u2019\u00e9criture avec l\u2019auteure Louise Browaeys !<\/b><\/div>\n<div>\n<div>\u00a0<\/div>\n<div>Il \u00e9tait une fois une auteure magnifique, invit\u00e9e \u00e0 la librairie avec Julia Kerninon il y a 2 ans, qui avait tr\u00e8s envie de revenir \u00e0 Noirmoutier. Alors, bien s\u00fbr, on lui pr\u00eate le studio-des-auteurs-\u00e0-la-librairie pour la semaine\u2026 Elle nous propose une rencontre pour nous remercier. Et nous, on pense tout de suite \u00e0 un atelier d\u2019\u00e9criture in\u00e9dit en sa compagnie !<\/div>\n<div>\u00a0<\/div>\n<div><b>Inscrivez-vous,<\/b> on vous dira tout sur le rendez-vous\u2026 Attention : les places sont tr\u00e8s limit\u00e9es aussi.<\/div>\n<div>\u00a0<\/div>\n<div>Venez comme vous \u00eates ou tout en vert si vous le voulez (Louise adore la couleur verte) ! Pr\u00e9voyez un petit si\u00e8ge pliant si vous avez, des stylos (verts notamment), du papier, votre inspiration et des sous ou un ch\u00e9quier si vous souhaitez repartir avec les merveilleux livres de Louise d\u00e9dicac\u00e9s\u2026<\/div>\n<div>\u00a0<\/div>\n<div>nb : si le temps ne permet pas d\u2019\u00eatre au bord de l\u2019eau, alors nous serons \u00e0 l\u2019int\u00e9rieur de la librairie\u2026<\/div>\n<div>\u00a0<\/div>\n<div>Voil\u00e0, ne tardez pas \u00e0 vous inscrire !<\/div>\n<\/div>\n<\/div>\n<p>[\/et_pb_text][\/et_pb_column][\/et_pb_row][et_pb_row column_structure=\u00a0\u00bb1_3,1_3,1_3&Prime; _builder_version=\u00a0\u00bb4.21.0&Prime; _module_preset=\u00a0\u00bbdefault\u00a0\u00bb global_colors_info=\u00a0\u00bb{}\u00a0\u00bb][et_pb_column type=\u00a0\u00bb1_3&Prime; _builder_version=\u00a0\u00bb4.21.0&Prime; _module_preset=\u00a0\u00bbdefault\u00a0\u00bb global_colors_info=\u00a0\u00bb{}\u00a0\u00bb][et_pb_image src=\u00a0\u00bbhttps:\/\/librairietraitdunion.fr\/storage\/2025\/04\/Atelier-Louise-browaeys-2-pdf.jpg\u00a0\u00bb title_text=\u00a0\u00bbAtelier Louise browaeys\u00a0\u00bb _builder_version=\u00a0\u00bb4.27.4&Prime; _module_preset=\u00a0\u00bbdefault\u00a0\u00bb global_colors_info=\u00a0\u00bb{}\u00a0\u00bb][\/et_pb_image][\/et_pb_column][et_pb_column type=\u00a0\u00bb1_3&Prime; _builder_version=\u00a0\u00bb4.21.0&Prime; _module_preset=\u00a0\u00bbdefault\u00a0\u00bb global_colors_info=\u00a0\u00bb{}\u00a0\u00bb][et_pb_image src=\u00a0\u00bbhttps:\/\/librairietraitdunion.fr\/storage\/2025\/04\/Programme-du-printemps-pdf.jpg\u00a0\u00bb title_text=\u00a0\u00bbProgramme du printemps\u00a0\u00bb _builder_version=\u00a0\u00bb4.27.4&Prime; _module_preset=\u00a0\u00bbdefault\u00a0\u00bb global_colors_info=\u00a0\u00bb{}\u00a0\u00bb][\/et_pb_image][\/et_pb_column][et_pb_column type=\u00a0\u00bb1_3&Prime; _builder_version=\u00a0\u00bb4.21.0&Prime; _module_preset=\u00a0\u00bbdefault\u00a0\u00bb global_colors_info=\u00a0\u00bb{}\u00a0\u00bb][et_pb_image src=\u00a0\u00bbhttps:\/\/librairietraitdunion.fr\/storage\/2025\/04\/Atelier-Louise-browaeys-1-pdf.jpg\u00a0\u00bb title_text=\u00a0\u00bbAtelier Louise browaeys\u00a0\u00bb _builder_version=\u00a0\u00bb4.27.4&Prime; _module_preset=\u00a0\u00bbdefault\u00a0\u00bb global_colors_info=\u00a0\u00bb{}\u00a0\u00bb][\/et_pb_image][\/et_pb_column][\/et_pb_row][et_pb_row _builder_version=\u00a0\u00bb4.16&Prime; background_size=\u00a0\u00bbinitial\u00a0\u00bb background_position=\u00a0\u00bbtop_left\u00a0\u00bb background_repeat=\u00a0\u00bbrepeat\u00a0\u00bb global_colors_info=\u00a0\u00bb{}\u00a0\u00bb][et_pb_column type=\u00a0\u00bb4_4&Prime; _builder_version=\u00a0\u00bb4.16&Prime; custom_padding=\u00a0\u00bb|||\u00a0\u00bb global_colors_info=\u00a0\u00bb{}\u00a0\u00bb custom_padding__hover=\u00a0\u00bb|||\u00a0\u00bb][et_pb_text admin_label=\u00a0\u00bbTexte\u00a0\u00bb _builder_version=\u00a0\u00bb4.27.4&Prime; hover_enabled=\u00a0\u00bb0&Prime; z_index_tablet=\u00a0\u00bb500&Prime; text_text_shadow_horizontal_length_tablet=\u00a0\u00bb0px\u00a0\u00bb text_text_shadow_vertical_length_tablet=\u00a0\u00bb0px\u00a0\u00bb text_text_shadow_blur_strength_tablet=\u00a0\u00bb1px\u00a0\u00bb link_text_shadow_horizontal_length_tablet=\u00a0\u00bb0px\u00a0\u00bb link_text_shadow_vertical_length_tablet=\u00a0\u00bb0px\u00a0\u00bb link_text_shadow_blur_strength_tablet=\u00a0\u00bb1px\u00a0\u00bb ul_text_shadow_horizontal_length_tablet=\u00a0\u00bb0px\u00a0\u00bb ul_text_shadow_vertical_length_tablet=\u00a0\u00bb0px\u00a0\u00bb ul_text_shadow_blur_strength_tablet=\u00a0\u00bb1px\u00a0\u00bb ol_text_shadow_horizontal_length_tablet=\u00a0\u00bb0px\u00a0\u00bb ol_text_shadow_vertical_length_tablet=\u00a0\u00bb0px\u00a0\u00bb ol_text_shadow_blur_strength_tablet=\u00a0\u00bb1px\u00a0\u00bb quote_text_shadow_horizontal_length_tablet=\u00a0\u00bb0px\u00a0\u00bb quote_text_shadow_vertical_length_tablet=\u00a0\u00bb0px\u00a0\u00bb quote_text_shadow_blur_strength_tablet=\u00a0\u00bb1px\u00a0\u00bb header_text_shadow_horizontal_length_tablet=\u00a0\u00bb0px\u00a0\u00bb header_text_shadow_vertical_length_tablet=\u00a0\u00bb0px\u00a0\u00bb header_text_shadow_blur_strength_tablet=\u00a0\u00bb1px\u00a0\u00bb header_2_text_shadow_horizontal_length_tablet=\u00a0\u00bb0px\u00a0\u00bb header_2_text_shadow_vertical_length_tablet=\u00a0\u00bb0px\u00a0\u00bb header_2_text_shadow_blur_strength_tablet=\u00a0\u00bb1px\u00a0\u00bb header_3_text_shadow_horizontal_length_tablet=\u00a0\u00bb0px\u00a0\u00bb header_3_text_shadow_vertical_length_tablet=\u00a0\u00bb0px\u00a0\u00bb header_3_text_shadow_blur_strength_tablet=\u00a0\u00bb1px\u00a0\u00bb header_4_text_shadow_horizontal_length_tablet=\u00a0\u00bb0px\u00a0\u00bb header_4_text_shadow_vertical_length_tablet=\u00a0\u00bb0px\u00a0\u00bb header_4_text_shadow_blur_strength_tablet=\u00a0\u00bb1px\u00a0\u00bb header_5_text_shadow_horizontal_length_tablet=\u00a0\u00bb0px\u00a0\u00bb header_5_text_shadow_vertical_length_tablet=\u00a0\u00bb0px\u00a0\u00bb header_5_text_shadow_blur_strength_tablet=\u00a0\u00bb1px\u00a0\u00bb header_6_text_shadow_horizontal_length_tablet=\u00a0\u00bb0px\u00a0\u00bb header_6_text_shadow_vertical_length_tablet=\u00a0\u00bb0px\u00a0\u00bb header_6_text_shadow_blur_strength_tablet=\u00a0\u00bb1px\u00a0\u00bb box_shadow_horizontal_tablet=\u00a0\u00bb0px\u00a0\u00bb box_shadow_vertical_tablet=\u00a0\u00bb0px\u00a0\u00bb box_shadow_blur_tablet=\u00a0\u00bb40px\u00a0\u00bb box_shadow_spread_tablet=\u00a0\u00bb0px\u00a0\u00bb global_colors_info=\u00a0\u00bb{}\u00a0\u00bb sticky_enabled=\u00a0\u00bb0&Prime;]<\/p>\n<h3>Souvenirs&#8230; The dict\u00e9e de Trait d&rsquo;Union saison 2 \u270d\ufe0f :<\/h3>\n<p>&nbsp;<\/p>\n<p>\u2192 <strong>Merci d&rsquo;\u00eatre venus si nombreux pour la Dict\u00e9e de Dominique Barb\u00e9ris : vous \u00e9tiez \u00e0 nouveau pr\u00e8s d&rsquo;une centaine !<\/strong><\/p>\n<p>Ce fut un moment de partage et d&rsquo;amiti\u00e9 merveilleux&#8230; et Gislaine, notre grande gagnante de l&rsquo;ann\u00e9e derni\u00e8re, a r\u00e9it\u00e9r\u00e9 son exploit avec 0 fautes cette ann\u00e9e \u00e0 nouveau&#8230; Challenge pour l&rsquo;ann\u00e9e prochaine : battre Gislaine !!<\/p>\n<p>Merci donc \u00e0 Dominique Barb\u00e9ris de s&rsquo;\u00eatre pr\u00eat\u00e9e au jeu si gentiment. Elle a m\u00eame accept\u00e9 de partager son texte avec vous.<\/p>\n<p>Si vous ne pouviez \u00eatre l\u00e0, voici donc le texte de la dict\u00e9e que vous pourrez faire en famille en pensant \u00e0 nous ! \u2192 <a href=\"https:\/\/librairietraitdunion.fr\/storage\/2025\/04\/Dictee-Noirmoutier-2025.pdf\" target=\"_blank\" rel=\"attachment noopener wp-att-4720\">Dicte\u0301e Noirmoutier 2025<\/a><\/p>\n<p>Voil\u00e0, on vous embrasse, A tout de suite,<\/p>\n<p>B\u00e9n\u00e9dicte, Vincent, Micky, Claire et Alexandra<\/p>\n<p>[\/et_pb_text][\/et_pb_column][\/et_pb_row][\/et_pb_section]<\/p>\n","protected":false},"excerpt":{"rendered":"<p>A venir \ud83d\udcda : &nbsp; Apr\u00e8s une dict\u00e9e fabuleuse, une rencontre passionnante et un atelier \u00ab\u00a0Radio crochet\u00a0\u00bb\u00a0 absolument parfait (!), il vous reste un rendez-vous de printemps, avant le programme de folie de l&rsquo;\u00e9t\u00e9 ! \u00a0 \ud83c\udf33\u00a0 Samedi 10 mai \u00e0 17h dans le bois de la Chaize, au bord de l\u2019eau (pr\u00e8s du Fort [&hellip;]<\/p>\n","protected":false},"author":2,"featured_media":0,"comment_status":"closed","ping_status":"open","sticky":false,"template":"","format":"standard","meta":{"_et_pb_use_builder":"on","_et_pb_old_content":"<p>Bienvenue sur WordPress. Ceci est votre premier article. Modifiez-le ou supprimez-le, puis lancez-vous\u00a0!<\/p>","_et_gb_content_width":"","footnotes":""},"categories":[3],"tags":[],"class_list":["post-4681","post","type-post","status-publish","format-standard","hentry","category-noirmoutier"],"yoast_head":"<!-- This site is optimized with the Yoast SEO plugin v25.7 - https:\/\/yoast.com\/wordpress\/plugins\/seo\/ -->\n<title>Le programme du printemps \ud83c\udf37 - Librairie Trait d&#039;Union | Noirmoutier<\/title>\n<meta name=\"robots\" content=\"index, follow, max-snippet:-1, max-image-preview:large, max-video-preview:-1\" \/>\n<link rel=\"canonical\" href=\"https:\/\/librairietraitdunion.fr\/le-programme-du-printemps-\ud83c\udf37\/\" \/>\n<meta property=\"og:locale\" content=\"fr_FR\" \/>\n<meta property=\"og:type\" content=\"article\" \/>\n<meta property=\"og:title\" content=\"Le programme du printemps \ud83c\udf37 - Librairie Trait d&#039;Union | Noirmoutier\" \/>\n<meta property=\"og:description\" content=\"A venir \ud83d\udcda : &nbsp; Apr\u00e8s une dict\u00e9e fabuleuse, une rencontre passionnante et un atelier &quot;Radio crochet&quot;\u00a0 absolument parfait (!), il vous reste un rendez-vous de printemps, avant le programme de folie de l&#039;\u00e9t\u00e9 ! \u00a0 \ud83c\udf33\u00a0 Samedi 10 mai \u00e0 17h dans le bois de la Chaize, au bord de l\u2019eau (pr\u00e8s du Fort [&hellip;]\" \/>\n<meta property=\"og:url\" content=\"https:\/\/librairietraitdunion.fr\/le-programme-du-printemps-\ud83c\udf37\/\" \/>\n<meta property=\"og:site_name\" content=\"Librairie Trait d&#039;Union | Noirmoutier\" \/>\n<meta property=\"article:published_time\" content=\"2025-05-06T06:17:51+00:00\" \/>\n<meta property=\"article:modified_time\" content=\"2025-05-06T07:01:32+00:00\" \/>\n<meta name=\"author\" content=\"librairietraitdunion\" \/>\n<meta name=\"twitter:card\" content=\"summary_large_image\" \/>\n<meta name=\"twitter:label1\" content=\"\u00c9crit par\" \/>\n\t<meta name=\"twitter:data1\" content=\"librairietraitdunion\" \/>\n\t<meta name=\"twitter:label2\" content=\"Dur\u00e9e de lecture estim\u00e9e\" \/>\n\t<meta name=\"twitter:data2\" content=\"3 minutes\" \/>\n<script type=\"application\/ld+json\" class=\"yoast-schema-graph\">{\"@context\":\"https:\/\/schema.org\",\"@graph\":[{\"@type\":\"WebPage\",\"@id\":\"https:\/\/librairietraitdunion.fr\/le-programme-du-printemps-%f0%9f%8c%b7\/\",\"url\":\"https:\/\/librairietraitdunion.fr\/le-programme-du-printemps-%f0%9f%8c%b7\/\",\"name\":\"Le programme du printemps \ud83c\udf37 - Librairie Trait d&#039;Union | Noirmoutier\",\"isPartOf\":{\"@id\":\"https:\/\/librairietraitdunion.fr\/#website\"},\"datePublished\":\"2025-05-06T06:17:51+00:00\",\"dateModified\":\"2025-05-06T07:01:32+00:00\",\"author\":{\"@id\":\"https:\/\/librairietraitdunion.fr\/#\/schema\/person\/218b86c38adc5ca905a90cddd5dc900f\"},\"breadcrumb\":{\"@id\":\"https:\/\/librairietraitdunion.fr\/le-programme-du-printemps-%f0%9f%8c%b7\/#breadcrumb\"},\"inLanguage\":\"fr-FR\",\"potentialAction\":[{\"@type\":\"ReadAction\",\"target\":[\"https:\/\/librairietraitdunion.fr\/le-programme-du-printemps-%f0%9f%8c%b7\/\"]}]},{\"@type\":\"BreadcrumbList\",\"@id\":\"https:\/\/librairietraitdunion.fr\/le-programme-du-printemps-%f0%9f%8c%b7\/#breadcrumb\",\"itemListElement\":[{\"@type\":\"ListItem\",\"position\":1,\"name\":\"Accueil\",\"item\":\"https:\/\/librairietraitdunion.fr\/\"},{\"@type\":\"ListItem\",\"position\":2,\"name\":\"Le programme du printemps \ud83c\udf37\"}]},{\"@type\":\"WebSite\",\"@id\":\"https:\/\/librairietraitdunion.fr\/#website\",\"url\":\"https:\/\/librairietraitdunion.fr\/\",\"name\":\"Librairie Trait d&#039;Union | Noirmoutier\",\"description\":\"Librairie \u00e0 Noirmoutier\",\"potentialAction\":[{\"@type\":\"SearchAction\",\"target\":{\"@type\":\"EntryPoint\",\"urlTemplate\":\"https:\/\/librairietraitdunion.fr\/?s={search_term_string}\"},\"query-input\":{\"@type\":\"PropertyValueSpecification\",\"valueRequired\":true,\"valueName\":\"search_term_string\"}}],\"inLanguage\":\"fr-FR\"},{\"@type\":\"Person\",\"@id\":\"https:\/\/librairietraitdunion.fr\/#\/schema\/person\/218b86c38adc5ca905a90cddd5dc900f\",\"name\":\"librairietraitdunion\",\"image\":{\"@type\":\"ImageObject\",\"inLanguage\":\"fr-FR\",\"@id\":\"https:\/\/librairietraitdunion.fr\/#\/schema\/person\/image\/\",\"url\":\"https:\/\/secure.gravatar.com\/avatar\/eeb9b44c40ac4753f2a685a10a6f2a267249eef7ceed8a7bc7ed2f176ef34ccd?s=96&d=mm&r=g\",\"contentUrl\":\"https:\/\/secure.gravatar.com\/avatar\/eeb9b44c40ac4753f2a685a10a6f2a267249eef7ceed8a7bc7ed2f176ef34ccd?s=96&d=mm&r=g\",\"caption\":\"librairietraitdunion\"},\"url\":\"https:\/\/librairietraitdunion.fr\/author\/librairietraitdunion\/\"}]}<\/script>\n<!-- \/ Yoast SEO plugin. -->","yoast_head_json":{"title":"Le programme du printemps \ud83c\udf37 - Librairie Trait d&#039;Union | Noirmoutier","robots":{"index":"index","follow":"follow","max-snippet":"max-snippet:-1","max-image-preview":"max-image-preview:large","max-video-preview":"max-video-preview:-1"},"canonical":"https:\/\/librairietraitdunion.fr\/le-programme-du-printemps-\ud83c\udf37\/","og_locale":"fr_FR","og_type":"article","og_title":"Le programme du printemps \ud83c\udf37 - Librairie Trait d&#039;Union | Noirmoutier","og_description":"A venir \ud83d\udcda : &nbsp; Apr\u00e8s une dict\u00e9e fabuleuse, une rencontre passionnante et un atelier \"Radio crochet\"\u00a0 absolument parfait (!), il vous reste un rendez-vous de printemps, avant le programme de folie de l'\u00e9t\u00e9 ! \u00a0 \ud83c\udf33\u00a0 Samedi 10 mai \u00e0 17h dans le bois de la Chaize, au bord de l\u2019eau (pr\u00e8s du Fort [&hellip;]","og_url":"https:\/\/librairietraitdunion.fr\/le-programme-du-printemps-\ud83c\udf37\/","og_site_name":"Librairie Trait d&#039;Union | Noirmoutier","article_published_time":"2025-05-06T06:17:51+00:00","article_modified_time":"2025-05-06T07:01:32+00:00","author":"librairietraitdunion","twitter_card":"summary_large_image","twitter_misc":{"\u00c9crit par":"librairietraitdunion","Dur\u00e9e de lecture estim\u00e9e":"3 minutes"},"schema":{"@context":"https:\/\/schema.org","@graph":[{"@type":"WebPage","@id":"https:\/\/librairietraitdunion.fr\/le-programme-du-printemps-%f0%9f%8c%b7\/","url":"https:\/\/librairietraitdunion.fr\/le-programme-du-printemps-%f0%9f%8c%b7\/","name":"Le programme du printemps \ud83c\udf37 - Librairie Trait d&#039;Union | Noirmoutier","isPartOf":{"@id":"https:\/\/librairietraitdunion.fr\/#website"},"datePublished":"2025-05-06T06:17:51+00:00","dateModified":"2025-05-06T07:01:32+00:00","author":{"@id":"https:\/\/librairietraitdunion.fr\/#\/schema\/person\/218b86c38adc5ca905a90cddd5dc900f"},"breadcrumb":{"@id":"https:\/\/librairietraitdunion.fr\/le-programme-du-printemps-%f0%9f%8c%b7\/#breadcrumb"},"inLanguage":"fr-FR","potentialAction":[{"@type":"ReadAction","target":["https:\/\/librairietraitdunion.fr\/le-programme-du-printemps-%f0%9f%8c%b7\/"]}]},{"@type":"BreadcrumbList","@id":"https:\/\/librairietraitdunion.fr\/le-programme-du-printemps-%f0%9f%8c%b7\/#breadcrumb","itemListElement":[{"@type":"ListItem","position":1,"name":"Accueil","item":"https:\/\/librairietraitdunion.fr\/"},{"@type":"ListItem","position":2,"name":"Le programme du printemps \ud83c\udf37"}]},{"@type":"WebSite","@id":"https:\/\/librairietraitdunion.fr\/#website","url":"https:\/\/librairietraitdunion.fr\/","name":"Librairie Trait d&#039;Union | Noirmoutier","description":"Librairie \u00e0 Noirmoutier","potentialAction":[{"@type":"SearchAction","target":{"@type":"EntryPoint","urlTemplate":"https:\/\/librairietraitdunion.fr\/?s={search_term_string}"},"query-input":{"@type":"PropertyValueSpecification","valueRequired":true,"valueName":"search_term_string"}}],"inLanguage":"fr-FR"},{"@type":"Person","@id":"https:\/\/librairietraitdunion.fr\/#\/schema\/person\/218b86c38adc5ca905a90cddd5dc900f","name":"librairietraitdunion","image":{"@type":"ImageObject","inLanguage":"fr-FR","@id":"https:\/\/librairietraitdunion.fr\/#\/schema\/person\/image\/","url":"https:\/\/secure.gravatar.com\/avatar\/eeb9b44c40ac4753f2a685a10a6f2a267249eef7ceed8a7bc7ed2f176ef34ccd?s=96&d=mm&r=g","contentUrl":"https:\/\/secure.gravatar.com\/avatar\/eeb9b44c40ac4753f2a685a10a6f2a267249eef7ceed8a7bc7ed2f176ef34ccd?s=96&d=mm&r=g","caption":"librairietraitdunion"},"url":"https:\/\/librairietraitdunion.fr\/author\/librairietraitdunion\/"}]}},"_links":{"self":[{"href":"https:\/\/librairietraitdunion.fr\/api\/wp\/v2\/posts\/4681","targetHints":{"allow":["GET"]}}],"collection":[{"href":"https:\/\/librairietraitdunion.fr\/api\/wp\/v2\/posts"}],"about":[{"href":"https:\/\/librairietraitdunion.fr\/api\/wp\/v2\/types\/post"}],"author":[{"embeddable":true,"href":"https:\/\/librairietraitdunion.fr\/api\/wp\/v2\/users\/2"}],"replies":[{"embeddable":true,"href":"https:\/\/librairietraitdunion.fr\/api\/wp\/v2\/comments?post=4681"}],"version-history":[{"count":21,"href":"https:\/\/librairietraitdunion.fr\/api\/wp\/v2\/posts\/4681\/revisions"}],"predecessor-version":[{"id":4784,"href":"https:\/\/librairietraitdunion.fr\/api\/wp\/v2\/posts\/4681\/revisions\/4784"}],"wp:attachment":[{"href":"https:\/\/librairietraitdunion.fr\/api\/wp\/v2\/media?parent=4681"}],"wp:term":[{"taxonomy":"category","embeddable":true,"href":"https:\/\/librairietraitdunion.fr\/api\/wp\/v2\/categories?post=4681"},{"taxonomy":"post_tag","embeddable":true,"href":"https:\/\/librairietraitdunion.fr\/api\/wp\/v2\/tags?post=4681"}],"curies":[{"name":"wp","href":"https:\/\/api.w.org\/{rel}","templated":true}]}}