{"id":825,"date":"2017-05-30T11:25:15","date_gmt":"2017-05-30T09:25:15","guid":{"rendered":"https:\/\/librairietraitdunion.fr\/?p=825"},"modified":"2018-12-12T16:18:46","modified_gmt":"2018-12-12T15:18:46","slug":"le-printemps-a-trait-dunion-avril-2017","status":"publish","type":"post","link":"https:\/\/librairietraitdunion.fr\/le-printemps-a-trait-dunion-avril-2017\/","title":{"rendered":"2017 (mai) : le printemps \u00e0 Trait d&rsquo;Union"},"content":{"rendered":"<p>[et_pb_section bb_built=\u00a0\u00bb1&Prime;][et_pb_row][et_pb_column type=\u00a0\u00bb4_4&Prime;][et_pb_text _builder_version=\u00a0\u00bb3.18.4&Prime;]<\/p>\n<div class=\"\" dir=\"auto\">Bonjour \u00e0 tous,<\/div>\n<div class=\"\" dir=\"auto\">\u00a0<\/div>\n<div class=\"\" dir=\"auto\">On m\u2019a gentiment fait la remarque, r\u00e9cemment, que je ne vous avais pas \u00e9crit depuis longtemps (ah bon ?) et que je n&rsquo;avais pas fait de commentaires sur le r\u00e9sultat des \u00e9lections ! C\u2019est bien trop d\u2019honneur et de responsabilit\u00e9 que de me le demander, et ce n\u2019est pas mon r\u00f4le, mais puisque vous insistez\u2026. Je ne dirai qu\u2019un mot (allez, 5 tr\u00e8s exactement) : \u00ab\u00a0ouf ! on a eu chaud\u00a0\u00bb&#8230;<\/div>\n<div class=\"\" dir=\"auto\">\u00a0<\/div>\n<div class=\"\" dir=\"auto\">D\u2019ailleurs, c\u2019est toujours le cas (d\u2019avoir chaud) : ce week-end vous \u00e9tiez tous sur la plage on dirait ! Pourtant, on avait mis le ventilateur en route dans la v\u00e9randa, d\u00e9poussi\u00e9r\u00e9 les parasols, branch\u00e9 la machine \u00e0 gla\u00e7ons, pr\u00e9par\u00e9 la pile des Fred Vargas, Despentes, Gavalda et autres r\u00e9jouissances parfaites pour un long week-end de farniente\u2026 mais bon, comme vous \u00e9tiez tous \u00e0 pr\u00e9parer votre bronzage de l\u2019\u00e9t\u00e9 jusque dans la soir\u00e9e, nous, on s\u2019est saoul\u00e9s au sirop de violette pour oublier (hips !), et on fini tous les fingers au chocolat qui restaient dans le tiroir (pour \u00e9viter qu\u2019ils ne fondent et ne vous empoisonnent &#8211; c\u2019est notre sens du devoir -).<\/div>\n<div class=\"\" dir=\"auto\">Bref, ne nous refaites jamais \u00e7a, de ne pas passer nous voir un grand week-end de pont, sinon\u2026. sinon, on ira passer nos week-ends sur la plage nous aussi, \u00e0 se goinfrer de glaces italiennes (parfum vanille fraise) et s\u2019arroser de cr\u00e8me solaire (parfum vahin\u00e9) : c\u2019est vrai quoi, y\u2019a pas de raison !<\/div>\n<div class=\"\" dir=\"auto\">\u00a0<\/div>\n<div class=\"\" dir=\"auto\">A part \u00e7a, tout va bien \u00e0 Noirmoutier\u2026 Le programme de l\u2019\u00e9t\u00e9 se peaufine avec de belles rencontres en perspective : Blandine Rinkel et Julia Kerninon pour une belle rencontre autour de la lecture et de la litt\u00e9rature ; le syrien Joude Jassouma pour son magnifique r\u00e9cit d\u2019Alep \u00e0 la Bretagne ; Sylvain Coher ; la grande Laurence Coss\u00e9 ; L\u00e9onor de Redondo le jour de la sortie de son nouveau roman ; une rencontre autour du cin\u00e9ma et de la litt\u00e9rature en lien avec l\u2019expo au Ch\u00e2teau ; la rencontre \u00e9diteur avec Anne Bourguignon (Arl\u00e9a)\u2026 et d\u2019autres surprises \u00e0 venir\u2026 programme d\u00e9finitif fin juin !<\/div>\n<div class=\"\" dir=\"auto\">\u00a0<\/div>\n<div class=\"\" dir=\"auto\">Mais, dans l\u2019imm\u00e9diat, puisque vous nous avez boud\u00e9s le WE dernier, rattrapez-vous en venant tous tous tous \u00e0\u00a0<b class=\"\"><span class=\"\">notre rencontre exceptionnelle de jeudi (le 1er juin) \u00e0 17h00 avec l\u2019auteure\u00a0<\/span><\/b><\/div>\n<div class=\"\" dir=\"auto\"><b class=\"\"><span class=\"\">Lyane Guillaume, pour son livre\u00a0\u00ab\u00a0Mille et un jours en Tartarie\u00a0\u00bb (\u00e9ditions du rocher).<\/span><\/b><\/div>\n<div class=\"\" dir=\"auto\"><b class=\"\"><span class=\"\">\u00a0<\/span><\/b><\/div>\n<div class=\"\" dir=\"auto\">Lyane est \u00e9crivain, mais elle fut aussi enseignante, journaliste, femme de th\u00e9\u00e2tre\u2026 Elle est surtout une merveilleuse observatrice de tous les pays dans lesquels elle a r\u00e9sid\u00e9 tout au long de sa vie : l\u2019Inde, la Russie, l\u2019Ukraine, l\u2019Afghanistan : \u00e0 chaque \u00e9tape, elle observe, elle s\u2019investit et elle \u00e9crit, un livre, pour partager ses \u00e9motions et sa vision des mondes travers\u00e9s\u2026<\/div>\n<div class=\"\" dir=\"auto\">Dans son dernier r\u00e9cit, elle nous emm\u00e8ne en Ouzb\u00e9kistan (\u00e0 vos atlas\u2026) \u00e0 la rencontre de femmes exceptionnelles rassembl\u00e9es autour d\u2019un \u00ab\u00a0plov\u00a0\u00bb (non ce n\u2019est pas une injure du capitaine Haddock, c\u2019est le plat traditionnel ouzb\u00e8que, slurp !). A la mani\u00e8re des \u00ab\u00a0Mille et une nuits\u00a0\u00bb (c\u2019est elle qui le dit), nous partons dans le sillage de ces femmes qui symbolisent la culture et la vie de leur pays, mais aussi un peu toutes les femmes de tous les pays\u2026<\/div>\n<div class=\"\" dir=\"auto\">\u00a0<\/div>\n<div class=\"\" dir=\"auto\">Soyez donc tous l\u00e0 et pr\u00e9venez tous vos amis : il va faire beau mais il est interdit d\u2019aller \u00e0 la plage apr\u00e8s midi ! Et merci \u00e0 Isabelle et Jean qui ont permis cette rencontre et se reconnaitront\u2026<\/div>\n<div class=\"\" dir=\"auto\">\u00a0<\/div>\n<div class=\"\" dir=\"auto\">Et puis, n\u2019oubliez pas : c\u2019est l\u2019ann\u00e9e du\u00a0<span class=\"\">Salon du livre de mer de Noirmoutier les 24 et 25 juin\u00a0<\/span><span class=\"\">(n<\/span>ous accueillerons \u00e0 notre table les auteurs de BD et les illustrateurs jeunesse).<\/div>\n<div class=\"\" dir=\"auto\">\u00a0<\/div>\n<div class=\"\" dir=\"auto\">Alors, tous \u00e0 vos agendas et \u00e0 tr\u00e8s vite !<\/div>\n<div class=\"\" dir=\"auto\">\u00a0<\/div>\n<div class=\"\" dir=\"auto\">Toute notre amiti\u00e9,<\/div>\n<div class=\"\" dir=\"auto\">B\u00e9n\u00e9dicte &amp; Vincent<\/div>\n<div class=\"\" dir=\"auto\">\u00a0<\/div>\n<div class=\"\" dir=\"auto\">ps : certains d\u2019entre vous nous ont demand\u00e9 des nouvelles des \u00ab\u00a0mimis\u00a0\u00bb de Noirmoutier (y\u2019en a marre du mot \u00ab\u00a0migrants\u00a0\u00bb\u2026). Et bien, ils sont repartis (sauf un), \u00e0 notre grand d\u00e9sarroi, malgr\u00e9 une int\u00e9gration r\u00e9ussie. Ils ne sont pas loin, mais ils sont trop loin\u2026 Ils \u00e9taient tous tomb\u00e9s amoureux de notre \u00eele et nous \u00e9tions nombreux \u00e0 \u00eatre tomb\u00e9s amoureux de leur courage, de leur force et de leur fra\u00eecheur aussi malgr\u00e9 les \u00e9preuves travers\u00e9es. Nous continuons \u00e0 prendre de leurs nouvelles, et esp\u00e9rons, un beau jour, les revoir s\u2019installer ici et y construire leur vie en paix.<\/div>\n<p>[\/et_pb_text][\/et_pb_column][\/et_pb_row][\/et_pb_section]<\/p>\n","protected":false},"excerpt":{"rendered":"<p><div class=\"et_pb_row et_pb_row_0 et_pb_row_empty\">\n\t\t\t\t\n\t\t\t\t\n\t\t\t\t\n\t\t\t\t\n\t\t\t\t\n\t\t\t<\/div> Bonjour \u00e0 tous,\u00a0On m\u2019a gentiment fait la remarque, r\u00e9cemment, que je ne vous avais pas \u00e9crit depuis longtemps (ah bon ?) et que je n&rsquo;avais pas fait de commentaires sur le r\u00e9sultat des \u00e9lections ! C\u2019est bien trop d\u2019honneur et de responsabilit\u00e9 que de me le demander, et ce n\u2019est pas mon r\u00f4le, mais [&hellip;]<\/p>\n","protected":false},"author":2,"featured_media":0,"comment_status":"closed","ping_status":"open","sticky":false,"template":"","format":"standard","meta":{"_et_pb_use_builder":"on","_et_pb_old_content":"","_et_gb_content_width":"","footnotes":""},"categories":[12],"tags":[],"class_list":["post-825","post","type-post","status-publish","format-standard","hentry","category-newsletter"],"yoast_head":"<!-- This site is optimized with the Yoast SEO plugin v25.7 - https:\/\/yoast.com\/wordpress\/plugins\/seo\/ -->\n<title>2017 (mai) : le printemps \u00e0 Trait d&#039;Union - Librairie Trait d&#039;Union | Noirmoutier<\/title>\n<meta name=\"robots\" content=\"index, follow, max-snippet:-1, max-image-preview:large, max-video-preview:-1\" \/>\n<link rel=\"canonical\" href=\"https:\/\/librairietraitdunion.fr\/le-printemps-a-trait-dunion-avril-2017\/\" \/>\n<meta property=\"og:locale\" content=\"fr_FR\" \/>\n<meta property=\"og:type\" content=\"article\" \/>\n<meta property=\"og:title\" content=\"2017 (mai) : le printemps \u00e0 Trait d&#039;Union - Librairie Trait d&#039;Union | Noirmoutier\" \/>\n<meta property=\"og:description\" content=\"Bonjour \u00e0 tous,\u00a0On m\u2019a gentiment fait la remarque, r\u00e9cemment, que je ne vous avais pas \u00e9crit depuis longtemps (ah bon ?) et que je n&#039;avais pas fait de commentaires sur le r\u00e9sultat des \u00e9lections ! C\u2019est bien trop d\u2019honneur et de responsabilit\u00e9 que de me le demander, et ce n\u2019est pas mon r\u00f4le, mais [&hellip;]\" \/>\n<meta property=\"og:url\" content=\"https:\/\/librairietraitdunion.fr\/le-printemps-a-trait-dunion-avril-2017\/\" \/>\n<meta property=\"og:site_name\" content=\"Librairie Trait d&#039;Union | Noirmoutier\" \/>\n<meta property=\"article:published_time\" content=\"2017-05-30T09:25:15+00:00\" \/>\n<meta property=\"article:modified_time\" content=\"2018-12-12T15:18:46+00:00\" \/>\n<meta name=\"author\" content=\"librairietraitdunion\" \/>\n<meta name=\"twitter:card\" content=\"summary_large_image\" \/>\n<meta name=\"twitter:label1\" content=\"\u00c9crit par\" \/>\n\t<meta name=\"twitter:data1\" content=\"librairietraitdunion\" \/>\n\t<meta name=\"twitter:label2\" content=\"Dur\u00e9e de lecture estim\u00e9e\" \/>\n\t<meta name=\"twitter:data2\" content=\"4 minutes\" \/>\n<script type=\"application\/ld+json\" class=\"yoast-schema-graph\">{\"@context\":\"https:\/\/schema.org\",\"@graph\":[{\"@type\":\"WebPage\",\"@id\":\"https:\/\/librairietraitdunion.fr\/le-printemps-a-trait-dunion-avril-2017\/\",\"url\":\"https:\/\/librairietraitdunion.fr\/le-printemps-a-trait-dunion-avril-2017\/\",\"name\":\"2017 (mai) : le printemps \u00e0 Trait d'Union - Librairie Trait d&#039;Union | Noirmoutier\",\"isPartOf\":{\"@id\":\"https:\/\/librairietraitdunion.fr\/#website\"},\"datePublished\":\"2017-05-30T09:25:15+00:00\",\"dateModified\":\"2018-12-12T15:18:46+00:00\",\"author\":{\"@id\":\"https:\/\/librairietraitdunion.fr\/#\/schema\/person\/218b86c38adc5ca905a90cddd5dc900f\"},\"breadcrumb\":{\"@id\":\"https:\/\/librairietraitdunion.fr\/le-printemps-a-trait-dunion-avril-2017\/#breadcrumb\"},\"inLanguage\":\"fr-FR\",\"potentialAction\":[{\"@type\":\"ReadAction\",\"target\":[\"https:\/\/librairietraitdunion.fr\/le-printemps-a-trait-dunion-avril-2017\/\"]}]},{\"@type\":\"BreadcrumbList\",\"@id\":\"https:\/\/librairietraitdunion.fr\/le-printemps-a-trait-dunion-avril-2017\/#breadcrumb\",\"itemListElement\":[{\"@type\":\"ListItem\",\"position\":1,\"name\":\"Accueil\",\"item\":\"https:\/\/librairietraitdunion.fr\/\"},{\"@type\":\"ListItem\",\"position\":2,\"name\":\"2017 (mai) : le printemps \u00e0 Trait d&rsquo;Union\"}]},{\"@type\":\"WebSite\",\"@id\":\"https:\/\/librairietraitdunion.fr\/#website\",\"url\":\"https:\/\/librairietraitdunion.fr\/\",\"name\":\"Librairie Trait d&#039;Union | Noirmoutier\",\"description\":\"Librairie \u00e0 Noirmoutier\",\"potentialAction\":[{\"@type\":\"SearchAction\",\"target\":{\"@type\":\"EntryPoint\",\"urlTemplate\":\"https:\/\/librairietraitdunion.fr\/?s={search_term_string}\"},\"query-input\":{\"@type\":\"PropertyValueSpecification\",\"valueRequired\":true,\"valueName\":\"search_term_string\"}}],\"inLanguage\":\"fr-FR\"},{\"@type\":\"Person\",\"@id\":\"https:\/\/librairietraitdunion.fr\/#\/schema\/person\/218b86c38adc5ca905a90cddd5dc900f\",\"name\":\"librairietraitdunion\",\"image\":{\"@type\":\"ImageObject\",\"inLanguage\":\"fr-FR\",\"@id\":\"https:\/\/librairietraitdunion.fr\/#\/schema\/person\/image\/\",\"url\":\"https:\/\/secure.gravatar.com\/avatar\/eeb9b44c40ac4753f2a685a10a6f2a267249eef7ceed8a7bc7ed2f176ef34ccd?s=96&d=mm&r=g\",\"contentUrl\":\"https:\/\/secure.gravatar.com\/avatar\/eeb9b44c40ac4753f2a685a10a6f2a267249eef7ceed8a7bc7ed2f176ef34ccd?s=96&d=mm&r=g\",\"caption\":\"librairietraitdunion\"},\"url\":\"https:\/\/librairietraitdunion.fr\/author\/librairietraitdunion\/\"}]}<\/script>\n<!-- \/ Yoast SEO plugin. -->","yoast_head_json":{"title":"2017 (mai) : le printemps \u00e0 Trait d'Union - Librairie Trait d&#039;Union | Noirmoutier","robots":{"index":"index","follow":"follow","max-snippet":"max-snippet:-1","max-image-preview":"max-image-preview:large","max-video-preview":"max-video-preview:-1"},"canonical":"https:\/\/librairietraitdunion.fr\/le-printemps-a-trait-dunion-avril-2017\/","og_locale":"fr_FR","og_type":"article","og_title":"2017 (mai) : le printemps \u00e0 Trait d'Union - Librairie Trait d&#039;Union | Noirmoutier","og_description":"Bonjour \u00e0 tous,\u00a0On m\u2019a gentiment fait la remarque, r\u00e9cemment, que je ne vous avais pas \u00e9crit depuis longtemps (ah bon ?) et que je n'avais pas fait de commentaires sur le r\u00e9sultat des \u00e9lections ! C\u2019est bien trop d\u2019honneur et de responsabilit\u00e9 que de me le demander, et ce n\u2019est pas mon r\u00f4le, mais [&hellip;]","og_url":"https:\/\/librairietraitdunion.fr\/le-printemps-a-trait-dunion-avril-2017\/","og_site_name":"Librairie Trait d&#039;Union | Noirmoutier","article_published_time":"2017-05-30T09:25:15+00:00","article_modified_time":"2018-12-12T15:18:46+00:00","author":"librairietraitdunion","twitter_card":"summary_large_image","twitter_misc":{"\u00c9crit par":"librairietraitdunion","Dur\u00e9e de lecture estim\u00e9e":"4 minutes"},"schema":{"@context":"https:\/\/schema.org","@graph":[{"@type":"WebPage","@id":"https:\/\/librairietraitdunion.fr\/le-printemps-a-trait-dunion-avril-2017\/","url":"https:\/\/librairietraitdunion.fr\/le-printemps-a-trait-dunion-avril-2017\/","name":"2017 (mai) : le printemps \u00e0 Trait d'Union - Librairie Trait d&#039;Union | Noirmoutier","isPartOf":{"@id":"https:\/\/librairietraitdunion.fr\/#website"},"datePublished":"2017-05-30T09:25:15+00:00","dateModified":"2018-12-12T15:18:46+00:00","author":{"@id":"https:\/\/librairietraitdunion.fr\/#\/schema\/person\/218b86c38adc5ca905a90cddd5dc900f"},"breadcrumb":{"@id":"https:\/\/librairietraitdunion.fr\/le-printemps-a-trait-dunion-avril-2017\/#breadcrumb"},"inLanguage":"fr-FR","potentialAction":[{"@type":"ReadAction","target":["https:\/\/librairietraitdunion.fr\/le-printemps-a-trait-dunion-avril-2017\/"]}]},{"@type":"BreadcrumbList","@id":"https:\/\/librairietraitdunion.fr\/le-printemps-a-trait-dunion-avril-2017\/#breadcrumb","itemListElement":[{"@type":"ListItem","position":1,"name":"Accueil","item":"https:\/\/librairietraitdunion.fr\/"},{"@type":"ListItem","position":2,"name":"2017 (mai) : le printemps \u00e0 Trait d&rsquo;Union"}]},{"@type":"WebSite","@id":"https:\/\/librairietraitdunion.fr\/#website","url":"https:\/\/librairietraitdunion.fr\/","name":"Librairie Trait d&#039;Union | Noirmoutier","description":"Librairie \u00e0 Noirmoutier","potentialAction":[{"@type":"SearchAction","target":{"@type":"EntryPoint","urlTemplate":"https:\/\/librairietraitdunion.fr\/?s={search_term_string}"},"query-input":{"@type":"PropertyValueSpecification","valueRequired":true,"valueName":"search_term_string"}}],"inLanguage":"fr-FR"},{"@type":"Person","@id":"https:\/\/librairietraitdunion.fr\/#\/schema\/person\/218b86c38adc5ca905a90cddd5dc900f","name":"librairietraitdunion","image":{"@type":"ImageObject","inLanguage":"fr-FR","@id":"https:\/\/librairietraitdunion.fr\/#\/schema\/person\/image\/","url":"https:\/\/secure.gravatar.com\/avatar\/eeb9b44c40ac4753f2a685a10a6f2a267249eef7ceed8a7bc7ed2f176ef34ccd?s=96&d=mm&r=g","contentUrl":"https:\/\/secure.gravatar.com\/avatar\/eeb9b44c40ac4753f2a685a10a6f2a267249eef7ceed8a7bc7ed2f176ef34ccd?s=96&d=mm&r=g","caption":"librairietraitdunion"},"url":"https:\/\/librairietraitdunion.fr\/author\/librairietraitdunion\/"}]}},"_links":{"self":[{"href":"https:\/\/librairietraitdunion.fr\/api\/wp\/v2\/posts\/825","targetHints":{"allow":["GET"]}}],"collection":[{"href":"https:\/\/librairietraitdunion.fr\/api\/wp\/v2\/posts"}],"about":[{"href":"https:\/\/librairietraitdunion.fr\/api\/wp\/v2\/types\/post"}],"author":[{"embeddable":true,"href":"https:\/\/librairietraitdunion.fr\/api\/wp\/v2\/users\/2"}],"replies":[{"embeddable":true,"href":"https:\/\/librairietraitdunion.fr\/api\/wp\/v2\/comments?post=825"}],"version-history":[{"count":4,"href":"https:\/\/librairietraitdunion.fr\/api\/wp\/v2\/posts\/825\/revisions"}],"predecessor-version":[{"id":891,"href":"https:\/\/librairietraitdunion.fr\/api\/wp\/v2\/posts\/825\/revisions\/891"}],"wp:attachment":[{"href":"https:\/\/librairietraitdunion.fr\/api\/wp\/v2\/media?parent=825"}],"wp:term":[{"taxonomy":"category","embeddable":true,"href":"https:\/\/librairietraitdunion.fr\/api\/wp\/v2\/categories?post=825"},{"taxonomy":"post_tag","embeddable":true,"href":"https:\/\/librairietraitdunion.fr\/api\/wp\/v2\/tags?post=825"}],"curies":[{"name":"wp","href":"https:\/\/api.w.org\/{rel}","templated":true}]}}