{"id":831,"date":"2017-10-05T11:41:07","date_gmt":"2017-10-05T09:41:07","guid":{"rendered":"https:\/\/librairietraitdunion.fr\/?p=831"},"modified":"2018-12-12T16:17:02","modified_gmt":"2018-12-12T15:17:02","slug":"rentree-litteraire-septembre-2017","status":"publish","type":"post","link":"https:\/\/librairietraitdunion.fr\/rentree-litteraire-septembre-2017\/","title":{"rendered":"2017 (sept) : rentr\u00e9e litt\u00e9raire"},"content":{"rendered":"<p>[et_pb_section bb_built=\u00a0\u00bb1&Prime;][et_pb_row][et_pb_column type=\u00a0\u00bb4_4&Prime;][et_pb_text _builder_version=\u00a0\u00bb3.18.4&Prime;]<\/p>\n<div class=\"page\" title=\"Page 1\">\n<div class=\"layoutArea\">\n<div class=\"column\">\n<p>C\u2019est l\u2019automne, et en m\u00eame temps\u2026*<\/p>\n<p>Voici venir l\u2019automne\u2026 et en m\u00eame temps, c\u2019est encore l\u2019\u00e9t\u00e9\u00a0<br \/>Dans la cour, on range les parasols, on balaie les feuilles\u2026 et en m\u00eame temps, on chasse les moustiques comme en juillet<br \/>On sort les bottes, les moufles et les cir\u00e9s\u2026 et en m\u00eame temps, on continue \u00e0 se baigner<br \/>Partout des incendies, des ouragans, des s\u00e9cheresses, des gens d\u00e9racin\u00e9s\u2026 et en m\u00eame temps, on continue \u00e0 faire comme si de rien n\u2019\u00e9tait<br \/>C\u2019est quoi ce monde\u2026? et en m\u00eame temps, il faut bien l&rsquo;accepter<\/p>\n<p>A Noirmoutier, \u00e0 nouveau tout est calme \u2026 et en m\u00eame temps, on est toujours d\u00e9bord\u00e9s\u00a0<br \/>Sur nos tables, 581 romans \u00e0 lire\u2026 et en m\u00eame temps, on n\u2019a pas toujours pas fini nos lectures de l\u2019\u00e9t\u00e9<br \/>On empile les beaux livres de fin d&rsquo;ann\u00e9e, les agendas et les calendriers\u2026 et en m\u00eame temps, on voudrait garder tous nos coups d&rsquo;coeur de l&rsquo;ann\u00e9e<br \/>C\u2019est compliqu\u00e9, il faut trier, ranger, retourner\u2026 et en m\u00eame temps, refaire les piles de nouveaut\u00e9s<br \/>C\u2019est quoi cette id\u00e9e de publier autant \u00e0 la fin de l\u2019\u00e9t\u00e9\u2026? et en m\u00eame temps, &lsquo;faut bien renouveler<\/p>\n<p>Des choses \u00e0 vous dire, j\u2019en ai plein mes cahiers\u2026 et en m\u00eame temps, j&rsquo;veux pas vous ennuyer<br \/>Alors, je trie, je r\u00e9sume, je synth\u00e9tise\u2026 et en m\u00eame temps, pour moi c&rsquo;est compliqu\u00e9<br \/>Notre ami Joude, le syrien, et son \u00e9pouse ont eu une petite Rose cet \u00e9t\u00e9\u2026 et en m\u00eame temps, vu son bidon en juillet, \u00e7a n\u2019est pas une surprise en v\u00e9rit\u00e9<br \/>Vous pouvez participer \u00e0 un cadeau commun\u2026 et en m\u00eame temps surtout vous faites comme vous voulez<br \/>C\u2019est quoi cette dr\u00f4le d\u2019id\u00e9e pour un \u00e9tranger\u2026 ? et en m\u00eame temps, vous \u00eates plusieurs \u00e0 nous l\u2019avoir demand\u00e9, c\u2019est chouette la solidarit\u00e9\u00a0<\/p>\n<p>Et puis, bient\u00f4t, c\u2019est \u00ab Eclats de lire \u00bb, le Salon jeunesse, comme chaque ann\u00e9e\u2026 et en m\u00eame temps, c\u2019est jamais les m\u00eames invit\u00e9s<br \/>Cette fois, ce sera l\u2019Histoire le th\u00e8me principal de nos journ\u00e9es\u2026 et en m\u00eame temps, y\u2019aura des livres divers et vari\u00e9s<br \/>Ce sera aux Salorges avec 15 auteurs et illustrateurs pour les d\u00e9dicacer\u2026 et en m\u00eame temps, y\u2019aura plein d\u2019autres activit\u00e9s<br \/>Du vendredi 27 au dimanche 29 octobre on vous attendra toute la journ\u00e9e\u2026 et en m\u00eame temps, \u00a0on sait bien que vous serez tr\u00e8s occup\u00e9s<br \/>C\u2019est quoi ce petit Salon en v\u00e9rit\u00e9 ? Ben, c\u2019est trop bien\u2026 et en m\u00eame temps, on cherche toujours \u00e0 s\u2019am\u00e9liorer<\/p>\n<p>Pour finir, on voulait vous remercier pour cette belle saison d&rsquo;\u00e9t\u00e9\u2026et en m\u00eame temps, on va d\u00e9j\u00e0 bient\u00f4t vous retrouver\u00a0<\/p>\n<p>On voulait vous le dire avant, qu\u2019on appr\u00e9cie votre fid\u00e9lit\u00e9\u2026 et en m\u00eame temps, c\u2019est fou, on n\u2019a pas vu le temps passer<br \/>Ouh la la, c\u2019est pas facile quand m\u00eame d\u2019\u00e9crire un po\u00e8me tout entier\u2026 et en m\u00eame temps, c\u2019est normal, \u00e7a se saurait si c\u2019\u00e9tait pas un m\u00e9tier<br \/>C\u2019est d\u00e9cid\u00e9, j\u2019arr\u00eate et je reprends ma prose de libraire d\u00e9jant\u00e9e\u2026 et en m\u00eame temps, j\u2019avoue, je m&rsquo;suis bien amus\u00e9e<br \/>C\u2019est quoi d&rsquo;ailleurs, vous vous dites, cette libraire qui s&rsquo;prend pour Th\u00e9ophile Gautier\u2026? et en m\u00eame temps, je sais qu&rsquo; vous aimez bien les p&rsquo;tites nouvelles de Noirmoutier&#8230;<\/p>\n<p>Alors, \u00e0 tr\u00e8s vite et toute notre amiti\u00e9,\u00a0\u00a0\u00a0\u00a0<\/p>\n<p>B\u00e9n\u00e9dicte &amp; Vincent<\/p>\n<p>* \u00a0 \u00a0 Nous remercions Mr E.M d\u2019avoir inspir\u00e9 notre \u00e9lan lyrique (!)&#8230; et en\u00a0m\u00eame temps, on s\u2019est moqu\u00e9s sans m\u00e9chancet\u00e9\u00a0 <\/p>\n<p><img loading=\"lazy\" decoding=\"async\" class=\"alignnone size-full wp-image-832\" src=\"https:\/\/librairietraitdunion.fr\/wp-content\/uploads\/2018\/12\/Snoopy-et-la-vie.jpg\" alt=\"\" width=\"200\" height=\"200\" srcset=\"https:\/\/librairietraitdunion.fr\/wp-content\/uploads\/2018\/12\/Snoopy-et-la-vie.jpg 200w, https:\/\/librairietraitdunion.fr\/wp-content\/uploads\/2018\/12\/Snoopy-et-la-vie-150x150.jpg 150w\" sizes=\"(max-width: 200px) 100vw, 200px\" \/><\/p>\n<\/div>\n<\/div>\n<\/div>\n<p>[\/et_pb_text][\/et_pb_column][\/et_pb_row][\/et_pb_section]<\/p>\n","protected":false},"excerpt":{"rendered":"<p><div class=\"et_pb_row et_pb_row_0 et_pb_row_empty\">\n\t\t\t\t\n\t\t\t\t\n\t\t\t\t\n\t\t\t\t\n\t\t\t\t\n\t\t\t<\/div> C\u2019est l\u2019automne, et en m\u00eame temps\u2026*Voici venir l\u2019automne\u2026 et en m\u00eame temps, c\u2019est encore l\u2019\u00e9t\u00e9\u00a0Dans la cour, on range les parasols, on balaie les feuilles\u2026 et en m\u00eame temps, on chasse les moustiques comme en juilletOn sort les bottes, les moufles et les cir\u00e9s\u2026 et en m\u00eame temps, on continue \u00e0 se baignerPartout des [&hellip;]<\/p>\n","protected":false},"author":2,"featured_media":0,"comment_status":"closed","ping_status":"open","sticky":false,"template":"","format":"standard","meta":{"_et_pb_use_builder":"on","_et_pb_old_content":"","_et_gb_content_width":"","footnotes":""},"categories":[12],"tags":[],"class_list":["post-831","post","type-post","status-publish","format-standard","hentry","category-newsletter"],"yoast_head":"<!-- This site is optimized with the Yoast SEO plugin v25.7 - https:\/\/yoast.com\/wordpress\/plugins\/seo\/ -->\n<title>2017 (sept) : rentr\u00e9e litt\u00e9raire - Librairie Trait d&#039;Union | Noirmoutier<\/title>\n<meta name=\"robots\" content=\"index, follow, max-snippet:-1, max-image-preview:large, max-video-preview:-1\" \/>\n<link rel=\"canonical\" href=\"https:\/\/librairietraitdunion.fr\/rentree-litteraire-septembre-2017\/\" \/>\n<meta property=\"og:locale\" content=\"fr_FR\" \/>\n<meta property=\"og:type\" content=\"article\" \/>\n<meta property=\"og:title\" content=\"2017 (sept) : rentr\u00e9e litt\u00e9raire - Librairie Trait d&#039;Union | Noirmoutier\" \/>\n<meta property=\"og:description\" content=\"C\u2019est l\u2019automne, et en m\u00eame temps\u2026*Voici venir l\u2019automne\u2026 et en m\u00eame temps, c\u2019est encore l\u2019\u00e9t\u00e9\u00a0Dans la cour, on range les parasols, on balaie les feuilles\u2026 et en m\u00eame temps, on chasse les moustiques comme en juilletOn sort les bottes, les moufles et les cir\u00e9s\u2026 et en m\u00eame temps, on continue \u00e0 se baignerPartout des [&hellip;]\" \/>\n<meta property=\"og:url\" content=\"https:\/\/librairietraitdunion.fr\/rentree-litteraire-septembre-2017\/\" \/>\n<meta property=\"og:site_name\" content=\"Librairie Trait d&#039;Union | Noirmoutier\" \/>\n<meta property=\"article:published_time\" content=\"2017-10-05T09:41:07+00:00\" \/>\n<meta property=\"article:modified_time\" content=\"2018-12-12T15:17:02+00:00\" \/>\n<meta property=\"og:image\" content=\"https:\/\/librairietraitdunion.fr\/wp-content\/uploads\/2018\/12\/Snoopy-et-la-vie.jpg\" \/>\n<meta name=\"author\" content=\"librairietraitdunion\" \/>\n<meta name=\"twitter:card\" content=\"summary_large_image\" \/>\n<meta name=\"twitter:label1\" content=\"\u00c9crit par\" \/>\n\t<meta name=\"twitter:data1\" content=\"librairietraitdunion\" \/>\n\t<meta name=\"twitter:label2\" content=\"Dur\u00e9e de lecture estim\u00e9e\" \/>\n\t<meta name=\"twitter:data2\" content=\"3 minutes\" \/>\n<script type=\"application\/ld+json\" class=\"yoast-schema-graph\">{\"@context\":\"https:\/\/schema.org\",\"@graph\":[{\"@type\":\"WebPage\",\"@id\":\"https:\/\/librairietraitdunion.fr\/rentree-litteraire-septembre-2017\/\",\"url\":\"https:\/\/librairietraitdunion.fr\/rentree-litteraire-septembre-2017\/\",\"name\":\"2017 (sept) : rentr\u00e9e litt\u00e9raire - Librairie Trait d&#039;Union | Noirmoutier\",\"isPartOf\":{\"@id\":\"https:\/\/librairietraitdunion.fr\/#website\"},\"primaryImageOfPage\":{\"@id\":\"https:\/\/librairietraitdunion.fr\/rentree-litteraire-septembre-2017\/#primaryimage\"},\"image\":{\"@id\":\"https:\/\/librairietraitdunion.fr\/rentree-litteraire-septembre-2017\/#primaryimage\"},\"thumbnailUrl\":\"https:\/\/librairietraitdunion.fr\/wp-content\/uploads\/2018\/12\/Snoopy-et-la-vie.jpg\",\"datePublished\":\"2017-10-05T09:41:07+00:00\",\"dateModified\":\"2018-12-12T15:17:02+00:00\",\"author\":{\"@id\":\"https:\/\/librairietraitdunion.fr\/#\/schema\/person\/218b86c38adc5ca905a90cddd5dc900f\"},\"breadcrumb\":{\"@id\":\"https:\/\/librairietraitdunion.fr\/rentree-litteraire-septembre-2017\/#breadcrumb\"},\"inLanguage\":\"fr-FR\",\"potentialAction\":[{\"@type\":\"ReadAction\",\"target\":[\"https:\/\/librairietraitdunion.fr\/rentree-litteraire-septembre-2017\/\"]}]},{\"@type\":\"ImageObject\",\"inLanguage\":\"fr-FR\",\"@id\":\"https:\/\/librairietraitdunion.fr\/rentree-litteraire-septembre-2017\/#primaryimage\",\"url\":\"https:\/\/librairietraitdunion.fr\/wp-content\/uploads\/2018\/12\/Snoopy-et-la-vie.jpg\",\"contentUrl\":\"https:\/\/librairietraitdunion.fr\/wp-content\/uploads\/2018\/12\/Snoopy-et-la-vie.jpg\",\"width\":200,\"height\":200},{\"@type\":\"BreadcrumbList\",\"@id\":\"https:\/\/librairietraitdunion.fr\/rentree-litteraire-septembre-2017\/#breadcrumb\",\"itemListElement\":[{\"@type\":\"ListItem\",\"position\":1,\"name\":\"Accueil\",\"item\":\"https:\/\/librairietraitdunion.fr\/\"},{\"@type\":\"ListItem\",\"position\":2,\"name\":\"2017 (sept) : rentr\u00e9e litt\u00e9raire\"}]},{\"@type\":\"WebSite\",\"@id\":\"https:\/\/librairietraitdunion.fr\/#website\",\"url\":\"https:\/\/librairietraitdunion.fr\/\",\"name\":\"Librairie Trait d&#039;Union | Noirmoutier\",\"description\":\"Librairie \u00e0 Noirmoutier\",\"potentialAction\":[{\"@type\":\"SearchAction\",\"target\":{\"@type\":\"EntryPoint\",\"urlTemplate\":\"https:\/\/librairietraitdunion.fr\/?s={search_term_string}\"},\"query-input\":{\"@type\":\"PropertyValueSpecification\",\"valueRequired\":true,\"valueName\":\"search_term_string\"}}],\"inLanguage\":\"fr-FR\"},{\"@type\":\"Person\",\"@id\":\"https:\/\/librairietraitdunion.fr\/#\/schema\/person\/218b86c38adc5ca905a90cddd5dc900f\",\"name\":\"librairietraitdunion\",\"image\":{\"@type\":\"ImageObject\",\"inLanguage\":\"fr-FR\",\"@id\":\"https:\/\/librairietraitdunion.fr\/#\/schema\/person\/image\/\",\"url\":\"https:\/\/secure.gravatar.com\/avatar\/eeb9b44c40ac4753f2a685a10a6f2a267249eef7ceed8a7bc7ed2f176ef34ccd?s=96&d=mm&r=g\",\"contentUrl\":\"https:\/\/secure.gravatar.com\/avatar\/eeb9b44c40ac4753f2a685a10a6f2a267249eef7ceed8a7bc7ed2f176ef34ccd?s=96&d=mm&r=g\",\"caption\":\"librairietraitdunion\"},\"url\":\"https:\/\/librairietraitdunion.fr\/author\/librairietraitdunion\/\"}]}<\/script>\n<!-- \/ Yoast SEO plugin. -->","yoast_head_json":{"title":"2017 (sept) : rentr\u00e9e litt\u00e9raire - Librairie Trait d&#039;Union | Noirmoutier","robots":{"index":"index","follow":"follow","max-snippet":"max-snippet:-1","max-image-preview":"max-image-preview:large","max-video-preview":"max-video-preview:-1"},"canonical":"https:\/\/librairietraitdunion.fr\/rentree-litteraire-septembre-2017\/","og_locale":"fr_FR","og_type":"article","og_title":"2017 (sept) : rentr\u00e9e litt\u00e9raire - Librairie Trait d&#039;Union | Noirmoutier","og_description":"C\u2019est l\u2019automne, et en m\u00eame temps\u2026*Voici venir l\u2019automne\u2026 et en m\u00eame temps, c\u2019est encore l\u2019\u00e9t\u00e9\u00a0Dans la cour, on range les parasols, on balaie les feuilles\u2026 et en m\u00eame temps, on chasse les moustiques comme en juilletOn sort les bottes, les moufles et les cir\u00e9s\u2026 et en m\u00eame temps, on continue \u00e0 se baignerPartout des [&hellip;]","og_url":"https:\/\/librairietraitdunion.fr\/rentree-litteraire-septembre-2017\/","og_site_name":"Librairie Trait d&#039;Union | Noirmoutier","article_published_time":"2017-10-05T09:41:07+00:00","article_modified_time":"2018-12-12T15:17:02+00:00","og_image":[{"url":"https:\/\/librairietraitdunion.fr\/wp-content\/uploads\/2018\/12\/Snoopy-et-la-vie.jpg","type":"","width":"","height":""}],"author":"librairietraitdunion","twitter_card":"summary_large_image","twitter_misc":{"\u00c9crit par":"librairietraitdunion","Dur\u00e9e de lecture estim\u00e9e":"3 minutes"},"schema":{"@context":"https:\/\/schema.org","@graph":[{"@type":"WebPage","@id":"https:\/\/librairietraitdunion.fr\/rentree-litteraire-septembre-2017\/","url":"https:\/\/librairietraitdunion.fr\/rentree-litteraire-septembre-2017\/","name":"2017 (sept) : rentr\u00e9e litt\u00e9raire - Librairie Trait d&#039;Union | Noirmoutier","isPartOf":{"@id":"https:\/\/librairietraitdunion.fr\/#website"},"primaryImageOfPage":{"@id":"https:\/\/librairietraitdunion.fr\/rentree-litteraire-septembre-2017\/#primaryimage"},"image":{"@id":"https:\/\/librairietraitdunion.fr\/rentree-litteraire-septembre-2017\/#primaryimage"},"thumbnailUrl":"https:\/\/librairietraitdunion.fr\/wp-content\/uploads\/2018\/12\/Snoopy-et-la-vie.jpg","datePublished":"2017-10-05T09:41:07+00:00","dateModified":"2018-12-12T15:17:02+00:00","author":{"@id":"https:\/\/librairietraitdunion.fr\/#\/schema\/person\/218b86c38adc5ca905a90cddd5dc900f"},"breadcrumb":{"@id":"https:\/\/librairietraitdunion.fr\/rentree-litteraire-septembre-2017\/#breadcrumb"},"inLanguage":"fr-FR","potentialAction":[{"@type":"ReadAction","target":["https:\/\/librairietraitdunion.fr\/rentree-litteraire-septembre-2017\/"]}]},{"@type":"ImageObject","inLanguage":"fr-FR","@id":"https:\/\/librairietraitdunion.fr\/rentree-litteraire-septembre-2017\/#primaryimage","url":"https:\/\/librairietraitdunion.fr\/wp-content\/uploads\/2018\/12\/Snoopy-et-la-vie.jpg","contentUrl":"https:\/\/librairietraitdunion.fr\/wp-content\/uploads\/2018\/12\/Snoopy-et-la-vie.jpg","width":200,"height":200},{"@type":"BreadcrumbList","@id":"https:\/\/librairietraitdunion.fr\/rentree-litteraire-septembre-2017\/#breadcrumb","itemListElement":[{"@type":"ListItem","position":1,"name":"Accueil","item":"https:\/\/librairietraitdunion.fr\/"},{"@type":"ListItem","position":2,"name":"2017 (sept) : rentr\u00e9e litt\u00e9raire"}]},{"@type":"WebSite","@id":"https:\/\/librairietraitdunion.fr\/#website","url":"https:\/\/librairietraitdunion.fr\/","name":"Librairie Trait d&#039;Union | Noirmoutier","description":"Librairie \u00e0 Noirmoutier","potentialAction":[{"@type":"SearchAction","target":{"@type":"EntryPoint","urlTemplate":"https:\/\/librairietraitdunion.fr\/?s={search_term_string}"},"query-input":{"@type":"PropertyValueSpecification","valueRequired":true,"valueName":"search_term_string"}}],"inLanguage":"fr-FR"},{"@type":"Person","@id":"https:\/\/librairietraitdunion.fr\/#\/schema\/person\/218b86c38adc5ca905a90cddd5dc900f","name":"librairietraitdunion","image":{"@type":"ImageObject","inLanguage":"fr-FR","@id":"https:\/\/librairietraitdunion.fr\/#\/schema\/person\/image\/","url":"https:\/\/secure.gravatar.com\/avatar\/eeb9b44c40ac4753f2a685a10a6f2a267249eef7ceed8a7bc7ed2f176ef34ccd?s=96&d=mm&r=g","contentUrl":"https:\/\/secure.gravatar.com\/avatar\/eeb9b44c40ac4753f2a685a10a6f2a267249eef7ceed8a7bc7ed2f176ef34ccd?s=96&d=mm&r=g","caption":"librairietraitdunion"},"url":"https:\/\/librairietraitdunion.fr\/author\/librairietraitdunion\/"}]}},"_links":{"self":[{"href":"https:\/\/librairietraitdunion.fr\/api\/wp\/v2\/posts\/831","targetHints":{"allow":["GET"]}}],"collection":[{"href":"https:\/\/librairietraitdunion.fr\/api\/wp\/v2\/posts"}],"about":[{"href":"https:\/\/librairietraitdunion.fr\/api\/wp\/v2\/types\/post"}],"author":[{"embeddable":true,"href":"https:\/\/librairietraitdunion.fr\/api\/wp\/v2\/users\/2"}],"replies":[{"embeddable":true,"href":"https:\/\/librairietraitdunion.fr\/api\/wp\/v2\/comments?post=831"}],"version-history":[{"count":3,"href":"https:\/\/librairietraitdunion.fr\/api\/wp\/v2\/posts\/831\/revisions"}],"predecessor-version":[{"id":888,"href":"https:\/\/librairietraitdunion.fr\/api\/wp\/v2\/posts\/831\/revisions\/888"}],"wp:attachment":[{"href":"https:\/\/librairietraitdunion.fr\/api\/wp\/v2\/media?parent=831"}],"wp:term":[{"taxonomy":"category","embeddable":true,"href":"https:\/\/librairietraitdunion.fr\/api\/wp\/v2\/categories?post=831"},{"taxonomy":"post_tag","embeddable":true,"href":"https:\/\/librairietraitdunion.fr\/api\/wp\/v2\/tags?post=831"}],"curies":[{"name":"wp","href":"https:\/\/api.w.org\/{rel}","templated":true}]}}