{"id":854,"date":"2016-04-10T12:48:09","date_gmt":"2016-04-10T10:48:09","guid":{"rendered":"https:\/\/librairietraitdunion.fr\/?p=854"},"modified":"2018-12-12T16:39:36","modified_gmt":"2018-12-12T15:39:36","slug":"alexandre-couillon-decembre-2016","status":"publish","type":"post","link":"https:\/\/librairietraitdunion.fr\/alexandre-couillon-decembre-2016\/","title":{"rendered":"2016 (avril) : le printemps \u00e0 la librairie"},"content":{"rendered":"<p>[et_pb_section bb_built=\u00a0\u00bb1&Prime;][et_pb_row][et_pb_column type=\u00a0\u00bb4_4&Prime;][et_pb_text _builder_version=\u00a0\u00bb3.18.4&Prime;]<\/p>\n<p>Bonjour \u00e0 tous,<img loading=\"lazy\" decoding=\"async\" class=\"alignnone  wp-image-905\" src=\"https:\/\/librairietraitdunion.fr\/wp-content\/uploads\/2016\/04\/image-pluie-dm9945.jpg\" alt=\"\" width=\"99\" height=\"70\" srcset=\"https:\/\/librairietraitdunion.fr\/wp-content\/uploads\/2016\/04\/image-pluie-dm9945.jpg 750w, https:\/\/librairietraitdunion.fr\/wp-content\/uploads\/2016\/04\/image-pluie-dm9945-300x212.jpg 300w, https:\/\/librairietraitdunion.fr\/wp-content\/uploads\/2016\/04\/image-pluie-dm9945-400x284.jpg 400w\" sizes=\"(max-width: 99px) 100vw, 99px\" \/><\/p>\n<p>Ahhhh, les dimanches d\u2019avril \u00e0 Noirmoutier : le petit d\u00e8j. en r\u00eavant du soleil de juillet \u00a0; le caf\u00e9 coll\u00e9 serr\u00e9 dans la librairie \u00e0 12 autour de la seule table prot\u00e9g\u00e9e \u00a0; le march\u00e9 sous les b\u00e2ches et les premi\u00e8res pommes de terre \u00e0 28 euros les 3 kilos ; le repas dominical devant le feu de chemin\u00e9e et la balade de sant\u00e9 les pieds mouill\u00e9s&#8230; On adore !<\/p>\n<p>Mais cette fois, en plus de tout \u00e7a&#8230; On vous donne rendez-vous pour le plus chouette <span style=\"font-size: large;\"><b>vide-grenier<\/b><\/span> de l\u2019ann\u00e9e, dans la cour de l\u2019\u00e9cole publique Richer, de 9h \u00e0 18h (avec buvette bien s\u00fbr). Venez vite nous y retrouver !<\/p>\n<p>Toute notre amiti\u00e9,<br \/>B\u00e9n\u00e9dicte &amp; Vincent<\/p>\n<p>PS 1. Notre rencontre du <b>samedi 30 avril est annul\u00e9e<\/b>. Planning trop compliqu\u00e9 !<br \/>PS 2. Cette m\u00eame rencontre est report\u00e9e au <b>samedi 2 juillet<\/b>&#8230; Pour un week-end festif avec, le lendemain, la f\u00eate de notre quartier ! A vos agendas&#8230;<\/p>\n<p>[\/et_pb_text][\/et_pb_column][\/et_pb_row][\/et_pb_section]<\/p>\n","protected":false},"excerpt":{"rendered":"<p><div class=\"et_pb_row et_pb_row_0 et_pb_row_empty\">\n\t\t\t\t\n\t\t\t\t\n\t\t\t\t\n\t\t\t\t\n\t\t\t\t\n\t\t\t<\/div> Bonjour \u00e0 tous,Ahhhh, les dimanches d\u2019avril \u00e0 Noirmoutier : le petit d\u00e8j. en r\u00eavant du soleil de juillet \u00a0; le caf\u00e9 coll\u00e9 serr\u00e9 dans la librairie \u00e0 12 autour de la seule table prot\u00e9g\u00e9e \u00a0; le march\u00e9 sous les b\u00e2ches et les premi\u00e8res pommes de terre \u00e0 28 euros les 3 kilos ; le [&hellip;]<\/p>\n","protected":false},"author":2,"featured_media":0,"comment_status":"closed","ping_status":"open","sticky":false,"template":"","format":"standard","meta":{"_et_pb_use_builder":"on","_et_pb_old_content":"","_et_gb_content_width":"","footnotes":""},"categories":[12],"tags":[],"class_list":["post-854","post","type-post","status-publish","format-standard","hentry","category-newsletter"],"yoast_head":"<!-- This site is optimized with the Yoast SEO plugin v25.7 - https:\/\/yoast.com\/wordpress\/plugins\/seo\/ -->\n<title>2016 (avril) : le printemps \u00e0 la librairie - Librairie Trait d&#039;Union | Noirmoutier<\/title>\n<meta name=\"robots\" content=\"index, follow, max-snippet:-1, max-image-preview:large, max-video-preview:-1\" \/>\n<link rel=\"canonical\" href=\"https:\/\/librairietraitdunion.fr\/alexandre-couillon-decembre-2016\/\" \/>\n<meta property=\"og:locale\" content=\"fr_FR\" \/>\n<meta property=\"og:type\" content=\"article\" \/>\n<meta property=\"og:title\" content=\"2016 (avril) : le printemps \u00e0 la librairie - Librairie Trait d&#039;Union | Noirmoutier\" \/>\n<meta property=\"og:description\" content=\"Bonjour \u00e0 tous,Ahhhh, les dimanches d\u2019avril \u00e0 Noirmoutier : le petit d\u00e8j. en r\u00eavant du soleil de juillet \u00a0; le caf\u00e9 coll\u00e9 serr\u00e9 dans la librairie \u00e0 12 autour de la seule table prot\u00e9g\u00e9e \u00a0; le march\u00e9 sous les b\u00e2ches et les premi\u00e8res pommes de terre \u00e0 28 euros les 3 kilos ; le [&hellip;]\" \/>\n<meta property=\"og:url\" content=\"https:\/\/librairietraitdunion.fr\/alexandre-couillon-decembre-2016\/\" \/>\n<meta property=\"og:site_name\" content=\"Librairie Trait d&#039;Union | Noirmoutier\" \/>\n<meta property=\"article:published_time\" content=\"2016-04-10T10:48:09+00:00\" \/>\n<meta property=\"article:modified_time\" content=\"2018-12-12T15:39:36+00:00\" \/>\n<meta property=\"og:image\" content=\"https:\/\/librairietraitdunion.fr\/wp-content\/uploads\/2016\/04\/image-pluie-dm9945.jpg\" \/>\n<meta name=\"author\" content=\"librairietraitdunion\" \/>\n<meta name=\"twitter:card\" content=\"summary_large_image\" \/>\n<meta name=\"twitter:label1\" content=\"\u00c9crit par\" \/>\n\t<meta name=\"twitter:data1\" content=\"librairietraitdunion\" \/>\n\t<meta name=\"twitter:label2\" content=\"Dur\u00e9e de lecture estim\u00e9e\" \/>\n\t<meta name=\"twitter:data2\" content=\"1 minute\" \/>\n<script type=\"application\/ld+json\" class=\"yoast-schema-graph\">{\"@context\":\"https:\/\/schema.org\",\"@graph\":[{\"@type\":\"WebPage\",\"@id\":\"https:\/\/librairietraitdunion.fr\/alexandre-couillon-decembre-2016\/\",\"url\":\"https:\/\/librairietraitdunion.fr\/alexandre-couillon-decembre-2016\/\",\"name\":\"2016 (avril) : le printemps \u00e0 la librairie - Librairie Trait d&#039;Union | Noirmoutier\",\"isPartOf\":{\"@id\":\"https:\/\/librairietraitdunion.fr\/#website\"},\"primaryImageOfPage\":{\"@id\":\"https:\/\/librairietraitdunion.fr\/alexandre-couillon-decembre-2016\/#primaryimage\"},\"image\":{\"@id\":\"https:\/\/librairietraitdunion.fr\/alexandre-couillon-decembre-2016\/#primaryimage\"},\"thumbnailUrl\":\"https:\/\/librairietraitdunion.fr\/wp-content\/uploads\/2016\/04\/image-pluie-dm9945.jpg\",\"datePublished\":\"2016-04-10T10:48:09+00:00\",\"dateModified\":\"2018-12-12T15:39:36+00:00\",\"author\":{\"@id\":\"https:\/\/librairietraitdunion.fr\/#\/schema\/person\/218b86c38adc5ca905a90cddd5dc900f\"},\"breadcrumb\":{\"@id\":\"https:\/\/librairietraitdunion.fr\/alexandre-couillon-decembre-2016\/#breadcrumb\"},\"inLanguage\":\"fr-FR\",\"potentialAction\":[{\"@type\":\"ReadAction\",\"target\":[\"https:\/\/librairietraitdunion.fr\/alexandre-couillon-decembre-2016\/\"]}]},{\"@type\":\"ImageObject\",\"inLanguage\":\"fr-FR\",\"@id\":\"https:\/\/librairietraitdunion.fr\/alexandre-couillon-decembre-2016\/#primaryimage\",\"url\":\"https:\/\/librairietraitdunion.fr\/wp-content\/uploads\/2016\/04\/image-pluie-dm9945.jpg\",\"contentUrl\":\"https:\/\/librairietraitdunion.fr\/wp-content\/uploads\/2016\/04\/image-pluie-dm9945.jpg\",\"width\":750,\"height\":531},{\"@type\":\"BreadcrumbList\",\"@id\":\"https:\/\/librairietraitdunion.fr\/alexandre-couillon-decembre-2016\/#breadcrumb\",\"itemListElement\":[{\"@type\":\"ListItem\",\"position\":1,\"name\":\"Accueil\",\"item\":\"https:\/\/librairietraitdunion.fr\/\"},{\"@type\":\"ListItem\",\"position\":2,\"name\":\"2016 (avril) : le printemps \u00e0 la librairie\"}]},{\"@type\":\"WebSite\",\"@id\":\"https:\/\/librairietraitdunion.fr\/#website\",\"url\":\"https:\/\/librairietraitdunion.fr\/\",\"name\":\"Librairie Trait d&#039;Union | Noirmoutier\",\"description\":\"Librairie \u00e0 Noirmoutier\",\"potentialAction\":[{\"@type\":\"SearchAction\",\"target\":{\"@type\":\"EntryPoint\",\"urlTemplate\":\"https:\/\/librairietraitdunion.fr\/?s={search_term_string}\"},\"query-input\":{\"@type\":\"PropertyValueSpecification\",\"valueRequired\":true,\"valueName\":\"search_term_string\"}}],\"inLanguage\":\"fr-FR\"},{\"@type\":\"Person\",\"@id\":\"https:\/\/librairietraitdunion.fr\/#\/schema\/person\/218b86c38adc5ca905a90cddd5dc900f\",\"name\":\"librairietraitdunion\",\"image\":{\"@type\":\"ImageObject\",\"inLanguage\":\"fr-FR\",\"@id\":\"https:\/\/librairietraitdunion.fr\/#\/schema\/person\/image\/\",\"url\":\"https:\/\/secure.gravatar.com\/avatar\/eeb9b44c40ac4753f2a685a10a6f2a267249eef7ceed8a7bc7ed2f176ef34ccd?s=96&d=mm&r=g\",\"contentUrl\":\"https:\/\/secure.gravatar.com\/avatar\/eeb9b44c40ac4753f2a685a10a6f2a267249eef7ceed8a7bc7ed2f176ef34ccd?s=96&d=mm&r=g\",\"caption\":\"librairietraitdunion\"},\"url\":\"https:\/\/librairietraitdunion.fr\/author\/librairietraitdunion\/\"}]}<\/script>\n<!-- \/ Yoast SEO plugin. -->","yoast_head_json":{"title":"2016 (avril) : le printemps \u00e0 la librairie - Librairie Trait d&#039;Union | Noirmoutier","robots":{"index":"index","follow":"follow","max-snippet":"max-snippet:-1","max-image-preview":"max-image-preview:large","max-video-preview":"max-video-preview:-1"},"canonical":"https:\/\/librairietraitdunion.fr\/alexandre-couillon-decembre-2016\/","og_locale":"fr_FR","og_type":"article","og_title":"2016 (avril) : le printemps \u00e0 la librairie - Librairie Trait d&#039;Union | Noirmoutier","og_description":"Bonjour \u00e0 tous,Ahhhh, les dimanches d\u2019avril \u00e0 Noirmoutier : le petit d\u00e8j. en r\u00eavant du soleil de juillet \u00a0; le caf\u00e9 coll\u00e9 serr\u00e9 dans la librairie \u00e0 12 autour de la seule table prot\u00e9g\u00e9e \u00a0; le march\u00e9 sous les b\u00e2ches et les premi\u00e8res pommes de terre \u00e0 28 euros les 3 kilos ; le [&hellip;]","og_url":"https:\/\/librairietraitdunion.fr\/alexandre-couillon-decembre-2016\/","og_site_name":"Librairie Trait d&#039;Union | Noirmoutier","article_published_time":"2016-04-10T10:48:09+00:00","article_modified_time":"2018-12-12T15:39:36+00:00","og_image":[{"url":"https:\/\/librairietraitdunion.fr\/wp-content\/uploads\/2016\/04\/image-pluie-dm9945.jpg","type":"","width":"","height":""}],"author":"librairietraitdunion","twitter_card":"summary_large_image","twitter_misc":{"\u00c9crit par":"librairietraitdunion","Dur\u00e9e de lecture estim\u00e9e":"1 minute"},"schema":{"@context":"https:\/\/schema.org","@graph":[{"@type":"WebPage","@id":"https:\/\/librairietraitdunion.fr\/alexandre-couillon-decembre-2016\/","url":"https:\/\/librairietraitdunion.fr\/alexandre-couillon-decembre-2016\/","name":"2016 (avril) : le printemps \u00e0 la librairie - Librairie Trait d&#039;Union | Noirmoutier","isPartOf":{"@id":"https:\/\/librairietraitdunion.fr\/#website"},"primaryImageOfPage":{"@id":"https:\/\/librairietraitdunion.fr\/alexandre-couillon-decembre-2016\/#primaryimage"},"image":{"@id":"https:\/\/librairietraitdunion.fr\/alexandre-couillon-decembre-2016\/#primaryimage"},"thumbnailUrl":"https:\/\/librairietraitdunion.fr\/wp-content\/uploads\/2016\/04\/image-pluie-dm9945.jpg","datePublished":"2016-04-10T10:48:09+00:00","dateModified":"2018-12-12T15:39:36+00:00","author":{"@id":"https:\/\/librairietraitdunion.fr\/#\/schema\/person\/218b86c38adc5ca905a90cddd5dc900f"},"breadcrumb":{"@id":"https:\/\/librairietraitdunion.fr\/alexandre-couillon-decembre-2016\/#breadcrumb"},"inLanguage":"fr-FR","potentialAction":[{"@type":"ReadAction","target":["https:\/\/librairietraitdunion.fr\/alexandre-couillon-decembre-2016\/"]}]},{"@type":"ImageObject","inLanguage":"fr-FR","@id":"https:\/\/librairietraitdunion.fr\/alexandre-couillon-decembre-2016\/#primaryimage","url":"https:\/\/librairietraitdunion.fr\/wp-content\/uploads\/2016\/04\/image-pluie-dm9945.jpg","contentUrl":"https:\/\/librairietraitdunion.fr\/wp-content\/uploads\/2016\/04\/image-pluie-dm9945.jpg","width":750,"height":531},{"@type":"BreadcrumbList","@id":"https:\/\/librairietraitdunion.fr\/alexandre-couillon-decembre-2016\/#breadcrumb","itemListElement":[{"@type":"ListItem","position":1,"name":"Accueil","item":"https:\/\/librairietraitdunion.fr\/"},{"@type":"ListItem","position":2,"name":"2016 (avril) : le printemps \u00e0 la librairie"}]},{"@type":"WebSite","@id":"https:\/\/librairietraitdunion.fr\/#website","url":"https:\/\/librairietraitdunion.fr\/","name":"Librairie Trait d&#039;Union | Noirmoutier","description":"Librairie \u00e0 Noirmoutier","potentialAction":[{"@type":"SearchAction","target":{"@type":"EntryPoint","urlTemplate":"https:\/\/librairietraitdunion.fr\/?s={search_term_string}"},"query-input":{"@type":"PropertyValueSpecification","valueRequired":true,"valueName":"search_term_string"}}],"inLanguage":"fr-FR"},{"@type":"Person","@id":"https:\/\/librairietraitdunion.fr\/#\/schema\/person\/218b86c38adc5ca905a90cddd5dc900f","name":"librairietraitdunion","image":{"@type":"ImageObject","inLanguage":"fr-FR","@id":"https:\/\/librairietraitdunion.fr\/#\/schema\/person\/image\/","url":"https:\/\/secure.gravatar.com\/avatar\/eeb9b44c40ac4753f2a685a10a6f2a267249eef7ceed8a7bc7ed2f176ef34ccd?s=96&d=mm&r=g","contentUrl":"https:\/\/secure.gravatar.com\/avatar\/eeb9b44c40ac4753f2a685a10a6f2a267249eef7ceed8a7bc7ed2f176ef34ccd?s=96&d=mm&r=g","caption":"librairietraitdunion"},"url":"https:\/\/librairietraitdunion.fr\/author\/librairietraitdunion\/"}]}},"_links":{"self":[{"href":"https:\/\/librairietraitdunion.fr\/api\/wp\/v2\/posts\/854","targetHints":{"allow":["GET"]}}],"collection":[{"href":"https:\/\/librairietraitdunion.fr\/api\/wp\/v2\/posts"}],"about":[{"href":"https:\/\/librairietraitdunion.fr\/api\/wp\/v2\/types\/post"}],"author":[{"embeddable":true,"href":"https:\/\/librairietraitdunion.fr\/api\/wp\/v2\/users\/2"}],"replies":[{"embeddable":true,"href":"https:\/\/librairietraitdunion.fr\/api\/wp\/v2\/comments?post=854"}],"version-history":[{"count":7,"href":"https:\/\/librairietraitdunion.fr\/api\/wp\/v2\/posts\/854\/revisions"}],"predecessor-version":[{"id":906,"href":"https:\/\/librairietraitdunion.fr\/api\/wp\/v2\/posts\/854\/revisions\/906"}],"wp:attachment":[{"href":"https:\/\/librairietraitdunion.fr\/api\/wp\/v2\/media?parent=854"}],"wp:term":[{"taxonomy":"category","embeddable":true,"href":"https:\/\/librairietraitdunion.fr\/api\/wp\/v2\/categories?post=854"},{"taxonomy":"post_tag","embeddable":true,"href":"https:\/\/librairietraitdunion.fr\/api\/wp\/v2\/tags?post=854"}],"curies":[{"name":"wp","href":"https:\/\/api.w.org\/{rel}","templated":true}]}}