{"id":974,"date":"2019-07-04T17:07:33","date_gmt":"2019-07-04T15:07:33","guid":{"rendered":"https:\/\/librairietraitdunion.fr\/?p=974"},"modified":"2019-11-26T17:18:06","modified_gmt":"2019-11-26T16:18:06","slug":"2019-juillet-youpi-cest-lete","status":"publish","type":"post","link":"https:\/\/librairietraitdunion.fr\/2019-juillet-youpi-cest-lete\/","title":{"rendered":"2019 (juillet) : youpi c&rsquo;est l&rsquo;\u00e9t\u00e9 !"},"content":{"rendered":"<p>[et_pb_section bb_built=\u00a0\u00bb1&Prime; inner_width=\u00a0\u00bbauto\u00a0\u00bb inner_max_width=\u00a0\u00bb1080px\u00a0\u00bb][et_pb_row][et_pb_column type=\u00a0\u00bb4_4&Prime; custom_padding__hover=\u00a0\u00bb|||\u00a0\u00bb custom_padding=\u00a0\u00bb|||\u00a0\u00bb][et_pb_text _builder_version=\u00a0\u00bb4.0.5&Prime; text_text_shadow_horizontal_length=\u00a0\u00bbtext_text_shadow_style,%91object Object%93&Prime; text_text_shadow_horizontal_length_tablet=\u00a0\u00bb0px\u00a0\u00bb text_text_shadow_vertical_length=\u00a0\u00bbtext_text_shadow_style,%91object Object%93&Prime; text_text_shadow_vertical_length_tablet=\u00a0\u00bb0px\u00a0\u00bb text_text_shadow_blur_strength=\u00a0\u00bbtext_text_shadow_style,%91object Object%93&Prime; text_text_shadow_blur_strength_tablet=\u00a0\u00bb1px\u00a0\u00bb link_text_shadow_horizontal_length=\u00a0\u00bblink_text_shadow_style,%91object Object%93&Prime; link_text_shadow_horizontal_length_tablet=\u00a0\u00bb0px\u00a0\u00bb link_text_shadow_vertical_length=\u00a0\u00bblink_text_shadow_style,%91object Object%93&Prime; link_text_shadow_vertical_length_tablet=\u00a0\u00bb0px\u00a0\u00bb link_text_shadow_blur_strength=\u00a0\u00bblink_text_shadow_style,%91object Object%93&Prime; link_text_shadow_blur_strength_tablet=\u00a0\u00bb1px\u00a0\u00bb ul_text_shadow_horizontal_length=\u00a0\u00bbul_text_shadow_style,%91object Object%93&Prime; ul_text_shadow_horizontal_length_tablet=\u00a0\u00bb0px\u00a0\u00bb ul_text_shadow_vertical_length=\u00a0\u00bbul_text_shadow_style,%91object Object%93&Prime; ul_text_shadow_vertical_length_tablet=\u00a0\u00bb0px\u00a0\u00bb ul_text_shadow_blur_strength=\u00a0\u00bbul_text_shadow_style,%91object Object%93&Prime; ul_text_shadow_blur_strength_tablet=\u00a0\u00bb1px\u00a0\u00bb ol_text_shadow_horizontal_length=\u00a0\u00bbol_text_shadow_style,%91object Object%93&Prime; ol_text_shadow_horizontal_length_tablet=\u00a0\u00bb0px\u00a0\u00bb ol_text_shadow_vertical_length=\u00a0\u00bbol_text_shadow_style,%91object Object%93&Prime; ol_text_shadow_vertical_length_tablet=\u00a0\u00bb0px\u00a0\u00bb ol_text_shadow_blur_strength=\u00a0\u00bbol_text_shadow_style,%91object Object%93&Prime; ol_text_shadow_blur_strength_tablet=\u00a0\u00bb1px\u00a0\u00bb quote_text_shadow_horizontal_length=\u00a0\u00bbquote_text_shadow_style,%91object Object%93&Prime; quote_text_shadow_horizontal_length_tablet=\u00a0\u00bb0px\u00a0\u00bb quote_text_shadow_vertical_length=\u00a0\u00bbquote_text_shadow_style,%91object Object%93&Prime; quote_text_shadow_vertical_length_tablet=\u00a0\u00bb0px\u00a0\u00bb quote_text_shadow_blur_strength=\u00a0\u00bbquote_text_shadow_style,%91object Object%93&Prime; quote_text_shadow_blur_strength_tablet=\u00a0\u00bb1px\u00a0\u00bb header_text_shadow_horizontal_length=\u00a0\u00bbheader_text_shadow_style,%91object Object%93&Prime; header_text_shadow_horizontal_length_tablet=\u00a0\u00bb0px\u00a0\u00bb header_text_shadow_vertical_length=\u00a0\u00bbheader_text_shadow_style,%91object Object%93&Prime; header_text_shadow_vertical_length_tablet=\u00a0\u00bb0px\u00a0\u00bb header_text_shadow_blur_strength=\u00a0\u00bbheader_text_shadow_style,%91object Object%93&Prime; header_text_shadow_blur_strength_tablet=\u00a0\u00bb1px\u00a0\u00bb header_2_text_shadow_horizontal_length=\u00a0\u00bbheader_2_text_shadow_style,%91object Object%93&Prime; header_2_text_shadow_horizontal_length_tablet=\u00a0\u00bb0px\u00a0\u00bb header_2_text_shadow_vertical_length=\u00a0\u00bbheader_2_text_shadow_style,%91object Object%93&Prime; header_2_text_shadow_vertical_length_tablet=\u00a0\u00bb0px\u00a0\u00bb header_2_text_shadow_blur_strength=\u00a0\u00bbheader_2_text_shadow_style,%91object Object%93&Prime; header_2_text_shadow_blur_strength_tablet=\u00a0\u00bb1px\u00a0\u00bb header_3_text_shadow_horizontal_length=\u00a0\u00bbheader_3_text_shadow_style,%91object Object%93&Prime; header_3_text_shadow_horizontal_length_tablet=\u00a0\u00bb0px\u00a0\u00bb header_3_text_shadow_vertical_length=\u00a0\u00bbheader_3_text_shadow_style,%91object Object%93&Prime; header_3_text_shadow_vertical_length_tablet=\u00a0\u00bb0px\u00a0\u00bb header_3_text_shadow_blur_strength=\u00a0\u00bbheader_3_text_shadow_style,%91object Object%93&Prime; header_3_text_shadow_blur_strength_tablet=\u00a0\u00bb1px\u00a0\u00bb header_4_text_shadow_horizontal_length=\u00a0\u00bbheader_4_text_shadow_style,%91object Object%93&Prime; header_4_text_shadow_horizontal_length_tablet=\u00a0\u00bb0px\u00a0\u00bb header_4_text_shadow_vertical_length=\u00a0\u00bbheader_4_text_shadow_style,%91object Object%93&Prime; header_4_text_shadow_vertical_length_tablet=\u00a0\u00bb0px\u00a0\u00bb header_4_text_shadow_blur_strength=\u00a0\u00bbheader_4_text_shadow_style,%91object Object%93&Prime; header_4_text_shadow_blur_strength_tablet=\u00a0\u00bb1px\u00a0\u00bb header_5_text_shadow_horizontal_length=\u00a0\u00bbheader_5_text_shadow_style,%91object Object%93&Prime; header_5_text_shadow_horizontal_length_tablet=\u00a0\u00bb0px\u00a0\u00bb header_5_text_shadow_vertical_length=\u00a0\u00bbheader_5_text_shadow_style,%91object Object%93&Prime; header_5_text_shadow_vertical_length_tablet=\u00a0\u00bb0px\u00a0\u00bb header_5_text_shadow_blur_strength=\u00a0\u00bbheader_5_text_shadow_style,%91object Object%93&Prime; header_5_text_shadow_blur_strength_tablet=\u00a0\u00bb1px\u00a0\u00bb header_6_text_shadow_horizontal_length=\u00a0\u00bbheader_6_text_shadow_style,%91object Object%93&Prime; header_6_text_shadow_horizontal_length_tablet=\u00a0\u00bb0px\u00a0\u00bb header_6_text_shadow_vertical_length=\u00a0\u00bbheader_6_text_shadow_style,%91object Object%93&Prime; header_6_text_shadow_vertical_length_tablet=\u00a0\u00bb0px\u00a0\u00bb header_6_text_shadow_blur_strength=\u00a0\u00bbheader_6_text_shadow_style,%91object Object%93&Prime; header_6_text_shadow_blur_strength_tablet=\u00a0\u00bb1px\u00a0\u00bb box_shadow_horizontal_tablet=\u00a0\u00bb0px\u00a0\u00bb box_shadow_vertical_tablet=\u00a0\u00bb0px\u00a0\u00bb box_shadow_blur_tablet=\u00a0\u00bb40px\u00a0\u00bb box_shadow_spread_tablet=\u00a0\u00bb0px\u00a0\u00bb z_index_tablet=\u00a0\u00bb500&Prime;]<\/p>\n<div class=\"\">\n<div class=\"\" dir=\"auto\">Bonjour \u00e0 tous,<\/div>\n<div class=\"\" dir=\"auto\">\u00a0<\/div>\n<div class=\"\" dir=\"auto\">Cette fois-ci, pas de bla-bla (comment \u00e7a, vous \u00eates d\u00e9\u00e7us ?), mais un programme d\u2019\u00e9t\u00e9 qui va vous faire craquer&#8230;<\/div>\n<div class=\"\" dir=\"auto\">\u00a0<\/div>\n<div class=\"\" dir=\"auto\">Ca commence jeudi prochain, le 11, pour un dernier tour d\u2019honneur pour nos 10 ans, avec nos marraines, Frede Deghelt et Carole Martinez\u2026<\/div>\n<div class=\"\" dir=\"auto\">\u00a0<\/div>\n<div class=\"\" dir=\"auto\">Soyez tous l\u00e0 pour nous prouver qu\u2019on a raison d\u2019y \u00eatre !\u00a0<\/div>\n<div class=\"\" dir=\"auto\">\u00a0<\/div>\n<div class=\"\" dir=\"auto\">Bel \u00e9t\u00e9 \u00e0 vous en notre compagnie (entre autres),<\/div>\n<div class=\"\" dir=\"auto\">Toute notre amiti\u00e9,<\/div>\n<div class=\"\" dir=\"auto\">B\u00e9n\u00e9dicte &amp; Vincent<\/div>\n<div class=\"\" dir=\"auto\">\u00a0<\/div>\n<div class=\"\" dir=\"auto\"><span class=\"\" style=\"font-size: xx-small;\">ps 1 : cet \u00e9t\u00e9, vous risquez de nous retrouver sur les plages \u00e0 bord d\u2019un triporteur \u00ab\u00a0Trait d\u2019Union\u00a0\u00bb ! Juste apr\u00e8s Marco, le marchand de glaces\u2026 On vous tient au courant !<br class=\"\" \/><\/span><\/p>\n<div class=\"\"><span class=\"\" style=\"font-size: xx-small;\">ps2 : une petite famille syrienne, r\u00e9fugi\u00e9e politique, est arriv\u00e9e \u00e0 La Gu\u00e9rini\u00e8re (une femme et 3 enfants de 7, 9 et 11 ans) : emmenez-les \u00e0 la plage avec vous ! (faites-nous signe, on vous mettra en contact)<\/span><\/div>\n<div class=\"\"><span class=\"\" style=\"font-size: xx-small;\">ps3 : Am\u00e9lie, notre petite saisonni\u00e8re ch\u00e9rie, est partie travailler chez l\u2019un de nos \u00e9diteurs pr\u00e9f\u00e9r\u00e9s (Sabine Wespieser) : c\u2019est Paola qui la remplace, une jeune (future) illustratrice tr\u00e8s talentueuse qui nous pr\u00e9pare de jolis tote bags Trait d\u2019Union\u00a0<\/span><\/div>\n<div class=\"\"><span class=\"\" style=\"font-size: xx-small;\">ps4 : \u00e0 partir du 5 juillet, la librairie est ouverte tous les jours jusqu\u2019\u00e0 20h, sauf le dimanche apr\u00e8s-midi<\/span><\/div>\n<div class=\"\"><span class=\"\" style=\"font-size: xx-small;\">ps5 : et bien, c\u2019est tout\u2026<\/span><\/div>\n<\/div>\n<\/div>\n<div class=\"\"><span class=\"\" style=\"font-size: xx-small;\"><a href=\"https:\/\/librairietraitdunion.fr\/wp-content\/uploads\/2019\/11\/Planning-hebdo-pdf.pdf\">Planning hebdo pdf<\/a><\/span><\/div>\n<div><a href=\"https:\/\/librairietraitdunion.fr\/wp-content\/uploads\/2019\/11\/Juillet-pdf2019-.pdf\">Juillet pdf2019<\/a><\/div>\n<p>[\/et_pb_text][\/et_pb_column][\/et_pb_row][\/et_pb_section]<\/p>\n","protected":false},"excerpt":{"rendered":"<p><div class=\"et_pb_row et_pb_row_0 et_pb_row_empty\">\n\t\t\t\t\n\t\t\t\t\n\t\t\t\t\n\t\t\t\t\n\t\t\t\t\n\t\t\t<\/div> Bonjour \u00e0 tous,\u00a0Cette fois-ci, pas de bla-bla (comment \u00e7a, vous \u00eates d\u00e9\u00e7us ?), mais un programme d\u2019\u00e9t\u00e9 qui va vous faire craquer&#8230;\u00a0Ca commence jeudi prochain, le 11, pour un dernier tour d\u2019honneur pour nos 10 ans, avec nos marraines, Frede Deghelt et Carole Martinez\u2026\u00a0Soyez tous l\u00e0 pour nous prouver qu\u2019on a raison d\u2019y \u00eatre [&hellip;]<\/p>\n","protected":false},"author":2,"featured_media":0,"comment_status":"closed","ping_status":"open","sticky":false,"template":"","format":"standard","meta":{"_et_pb_use_builder":"on","_et_pb_old_content":"","_et_gb_content_width":"","footnotes":""},"categories":[12],"tags":[],"class_list":["post-974","post","type-post","status-publish","format-standard","hentry","category-newsletter"],"yoast_head":"<!-- This site is optimized with the Yoast SEO plugin v25.7 - https:\/\/yoast.com\/wordpress\/plugins\/seo\/ -->\n<title>2019 (juillet) : youpi c&#039;est l&#039;\u00e9t\u00e9 ! - Librairie Trait d&#039;Union | Noirmoutier<\/title>\n<meta name=\"robots\" content=\"index, follow, max-snippet:-1, max-image-preview:large, max-video-preview:-1\" \/>\n<link rel=\"canonical\" href=\"https:\/\/librairietraitdunion.fr\/2019-juillet-youpi-cest-lete\/\" \/>\n<meta property=\"og:locale\" content=\"fr_FR\" \/>\n<meta property=\"og:type\" content=\"article\" \/>\n<meta property=\"og:title\" content=\"2019 (juillet) : youpi c&#039;est l&#039;\u00e9t\u00e9 ! - Librairie Trait d&#039;Union | Noirmoutier\" \/>\n<meta property=\"og:description\" content=\"Bonjour \u00e0 tous,\u00a0Cette fois-ci, pas de bla-bla (comment \u00e7a, vous \u00eates d\u00e9\u00e7us ?), mais un programme d\u2019\u00e9t\u00e9 qui va vous faire craquer...\u00a0Ca commence jeudi prochain, le 11, pour un dernier tour d\u2019honneur pour nos 10 ans, avec nos marraines, Frede Deghelt et Carole Martinez\u2026\u00a0Soyez tous l\u00e0 pour nous prouver qu\u2019on a raison d\u2019y \u00eatre [&hellip;]\" \/>\n<meta property=\"og:url\" content=\"https:\/\/librairietraitdunion.fr\/2019-juillet-youpi-cest-lete\/\" \/>\n<meta property=\"og:site_name\" content=\"Librairie Trait d&#039;Union | Noirmoutier\" \/>\n<meta property=\"article:published_time\" content=\"2019-07-04T15:07:33+00:00\" \/>\n<meta property=\"article:modified_time\" content=\"2019-11-26T16:18:06+00:00\" \/>\n<meta name=\"author\" content=\"librairietraitdunion\" \/>\n<meta name=\"twitter:card\" content=\"summary_large_image\" \/>\n<meta name=\"twitter:label1\" content=\"\u00c9crit par\" \/>\n\t<meta name=\"twitter:data1\" content=\"librairietraitdunion\" \/>\n\t<meta name=\"twitter:label2\" content=\"Dur\u00e9e de lecture estim\u00e9e\" \/>\n\t<meta name=\"twitter:data2\" content=\"4 minutes\" \/>\n<script type=\"application\/ld+json\" class=\"yoast-schema-graph\">{\"@context\":\"https:\/\/schema.org\",\"@graph\":[{\"@type\":\"WebPage\",\"@id\":\"https:\/\/librairietraitdunion.fr\/2019-juillet-youpi-cest-lete\/\",\"url\":\"https:\/\/librairietraitdunion.fr\/2019-juillet-youpi-cest-lete\/\",\"name\":\"2019 (juillet) : youpi c'est l'\u00e9t\u00e9 ! - Librairie Trait d&#039;Union | Noirmoutier\",\"isPartOf\":{\"@id\":\"https:\/\/librairietraitdunion.fr\/#website\"},\"datePublished\":\"2019-07-04T15:07:33+00:00\",\"dateModified\":\"2019-11-26T16:18:06+00:00\",\"author\":{\"@id\":\"https:\/\/librairietraitdunion.fr\/#\/schema\/person\/218b86c38adc5ca905a90cddd5dc900f\"},\"breadcrumb\":{\"@id\":\"https:\/\/librairietraitdunion.fr\/2019-juillet-youpi-cest-lete\/#breadcrumb\"},\"inLanguage\":\"fr-FR\",\"potentialAction\":[{\"@type\":\"ReadAction\",\"target\":[\"https:\/\/librairietraitdunion.fr\/2019-juillet-youpi-cest-lete\/\"]}]},{\"@type\":\"BreadcrumbList\",\"@id\":\"https:\/\/librairietraitdunion.fr\/2019-juillet-youpi-cest-lete\/#breadcrumb\",\"itemListElement\":[{\"@type\":\"ListItem\",\"position\":1,\"name\":\"Accueil\",\"item\":\"https:\/\/librairietraitdunion.fr\/\"},{\"@type\":\"ListItem\",\"position\":2,\"name\":\"2019 (juillet) : youpi c&rsquo;est l&rsquo;\u00e9t\u00e9 !\"}]},{\"@type\":\"WebSite\",\"@id\":\"https:\/\/librairietraitdunion.fr\/#website\",\"url\":\"https:\/\/librairietraitdunion.fr\/\",\"name\":\"Librairie Trait d&#039;Union | Noirmoutier\",\"description\":\"Librairie \u00e0 Noirmoutier\",\"potentialAction\":[{\"@type\":\"SearchAction\",\"target\":{\"@type\":\"EntryPoint\",\"urlTemplate\":\"https:\/\/librairietraitdunion.fr\/?s={search_term_string}\"},\"query-input\":{\"@type\":\"PropertyValueSpecification\",\"valueRequired\":true,\"valueName\":\"search_term_string\"}}],\"inLanguage\":\"fr-FR\"},{\"@type\":\"Person\",\"@id\":\"https:\/\/librairietraitdunion.fr\/#\/schema\/person\/218b86c38adc5ca905a90cddd5dc900f\",\"name\":\"librairietraitdunion\",\"image\":{\"@type\":\"ImageObject\",\"inLanguage\":\"fr-FR\",\"@id\":\"https:\/\/librairietraitdunion.fr\/#\/schema\/person\/image\/\",\"url\":\"https:\/\/secure.gravatar.com\/avatar\/eeb9b44c40ac4753f2a685a10a6f2a267249eef7ceed8a7bc7ed2f176ef34ccd?s=96&d=mm&r=g\",\"contentUrl\":\"https:\/\/secure.gravatar.com\/avatar\/eeb9b44c40ac4753f2a685a10a6f2a267249eef7ceed8a7bc7ed2f176ef34ccd?s=96&d=mm&r=g\",\"caption\":\"librairietraitdunion\"},\"url\":\"https:\/\/librairietraitdunion.fr\/author\/librairietraitdunion\/\"}]}<\/script>\n<!-- \/ Yoast SEO plugin. -->","yoast_head_json":{"title":"2019 (juillet) : youpi c'est l'\u00e9t\u00e9 ! - Librairie Trait d&#039;Union | Noirmoutier","robots":{"index":"index","follow":"follow","max-snippet":"max-snippet:-1","max-image-preview":"max-image-preview:large","max-video-preview":"max-video-preview:-1"},"canonical":"https:\/\/librairietraitdunion.fr\/2019-juillet-youpi-cest-lete\/","og_locale":"fr_FR","og_type":"article","og_title":"2019 (juillet) : youpi c'est l'\u00e9t\u00e9 ! - Librairie Trait d&#039;Union | Noirmoutier","og_description":"Bonjour \u00e0 tous,\u00a0Cette fois-ci, pas de bla-bla (comment \u00e7a, vous \u00eates d\u00e9\u00e7us ?), mais un programme d\u2019\u00e9t\u00e9 qui va vous faire craquer...\u00a0Ca commence jeudi prochain, le 11, pour un dernier tour d\u2019honneur pour nos 10 ans, avec nos marraines, Frede Deghelt et Carole Martinez\u2026\u00a0Soyez tous l\u00e0 pour nous prouver qu\u2019on a raison d\u2019y \u00eatre [&hellip;]","og_url":"https:\/\/librairietraitdunion.fr\/2019-juillet-youpi-cest-lete\/","og_site_name":"Librairie Trait d&#039;Union | Noirmoutier","article_published_time":"2019-07-04T15:07:33+00:00","article_modified_time":"2019-11-26T16:18:06+00:00","author":"librairietraitdunion","twitter_card":"summary_large_image","twitter_misc":{"\u00c9crit par":"librairietraitdunion","Dur\u00e9e de lecture estim\u00e9e":"4 minutes"},"schema":{"@context":"https:\/\/schema.org","@graph":[{"@type":"WebPage","@id":"https:\/\/librairietraitdunion.fr\/2019-juillet-youpi-cest-lete\/","url":"https:\/\/librairietraitdunion.fr\/2019-juillet-youpi-cest-lete\/","name":"2019 (juillet) : youpi c'est l'\u00e9t\u00e9 ! - Librairie Trait d&#039;Union | Noirmoutier","isPartOf":{"@id":"https:\/\/librairietraitdunion.fr\/#website"},"datePublished":"2019-07-04T15:07:33+00:00","dateModified":"2019-11-26T16:18:06+00:00","author":{"@id":"https:\/\/librairietraitdunion.fr\/#\/schema\/person\/218b86c38adc5ca905a90cddd5dc900f"},"breadcrumb":{"@id":"https:\/\/librairietraitdunion.fr\/2019-juillet-youpi-cest-lete\/#breadcrumb"},"inLanguage":"fr-FR","potentialAction":[{"@type":"ReadAction","target":["https:\/\/librairietraitdunion.fr\/2019-juillet-youpi-cest-lete\/"]}]},{"@type":"BreadcrumbList","@id":"https:\/\/librairietraitdunion.fr\/2019-juillet-youpi-cest-lete\/#breadcrumb","itemListElement":[{"@type":"ListItem","position":1,"name":"Accueil","item":"https:\/\/librairietraitdunion.fr\/"},{"@type":"ListItem","position":2,"name":"2019 (juillet) : youpi c&rsquo;est l&rsquo;\u00e9t\u00e9 !"}]},{"@type":"WebSite","@id":"https:\/\/librairietraitdunion.fr\/#website","url":"https:\/\/librairietraitdunion.fr\/","name":"Librairie Trait d&#039;Union | Noirmoutier","description":"Librairie \u00e0 Noirmoutier","potentialAction":[{"@type":"SearchAction","target":{"@type":"EntryPoint","urlTemplate":"https:\/\/librairietraitdunion.fr\/?s={search_term_string}"},"query-input":{"@type":"PropertyValueSpecification","valueRequired":true,"valueName":"search_term_string"}}],"inLanguage":"fr-FR"},{"@type":"Person","@id":"https:\/\/librairietraitdunion.fr\/#\/schema\/person\/218b86c38adc5ca905a90cddd5dc900f","name":"librairietraitdunion","image":{"@type":"ImageObject","inLanguage":"fr-FR","@id":"https:\/\/librairietraitdunion.fr\/#\/schema\/person\/image\/","url":"https:\/\/secure.gravatar.com\/avatar\/eeb9b44c40ac4753f2a685a10a6f2a267249eef7ceed8a7bc7ed2f176ef34ccd?s=96&d=mm&r=g","contentUrl":"https:\/\/secure.gravatar.com\/avatar\/eeb9b44c40ac4753f2a685a10a6f2a267249eef7ceed8a7bc7ed2f176ef34ccd?s=96&d=mm&r=g","caption":"librairietraitdunion"},"url":"https:\/\/librairietraitdunion.fr\/author\/librairietraitdunion\/"}]}},"_links":{"self":[{"href":"https:\/\/librairietraitdunion.fr\/api\/wp\/v2\/posts\/974","targetHints":{"allow":["GET"]}}],"collection":[{"href":"https:\/\/librairietraitdunion.fr\/api\/wp\/v2\/posts"}],"about":[{"href":"https:\/\/librairietraitdunion.fr\/api\/wp\/v2\/types\/post"}],"author":[{"embeddable":true,"href":"https:\/\/librairietraitdunion.fr\/api\/wp\/v2\/users\/2"}],"replies":[{"embeddable":true,"href":"https:\/\/librairietraitdunion.fr\/api\/wp\/v2\/comments?post=974"}],"version-history":[{"count":1,"href":"https:\/\/librairietraitdunion.fr\/api\/wp\/v2\/posts\/974\/revisions"}],"predecessor-version":[{"id":977,"href":"https:\/\/librairietraitdunion.fr\/api\/wp\/v2\/posts\/974\/revisions\/977"}],"wp:attachment":[{"href":"https:\/\/librairietraitdunion.fr\/api\/wp\/v2\/media?parent=974"}],"wp:term":[{"taxonomy":"category","embeddable":true,"href":"https:\/\/librairietraitdunion.fr\/api\/wp\/v2\/categories?post=974"},{"taxonomy":"post_tag","embeddable":true,"href":"https:\/\/librairietraitdunion.fr\/api\/wp\/v2\/tags?post=974"}],"curies":[{"name":"wp","href":"https:\/\/api.w.org\/{rel}","templated":true}]}}